{"id":9838,"date":"2024-01-21T19:10:38","date_gmt":"2024-01-21T17:10:38","guid":{"rendered":"https:\/\/toukiela.com\/mon-demon-saison-1-explication-de-la-fin-attention-spoilers-a-suivre-la-saison-1-de-mon-demon-se-termine-de-maniere-choquante-et-surprenante-tout-au-long-de-la-saison-nous-suivons-le-pers\/"},"modified":"2024-01-21T19:10:39","modified_gmt":"2024-01-21T17:10:39","slug":"mon-demon-saison-1-explication-de-la-fin-attention-spoilers-a-suivre-la-saison-1-de-mon-demon-se-termine-de-maniere-choquante-et-surprenante-tout-au-long-de-la-saison-nous-suivons-le-pers","status":"publish","type":"post","link":"https:\/\/toukiela.com\/de\/mein-demon-season-1-erklarung-zum-ende-aufmerksam-machen-spoilern-wir-verfolgen-die-season-1-mein-demon-beendet-die-schockierende-und-uberraschende-manier-alles-zu-lange-der-season-wir-verfolgen-den-d\/","title":{"rendered":"My Demon Staffel 1: Erkl\u00e4rung des Endes!<br \/>\n<br \/>\nAchtung, Spoiler folgen!<br \/>\n<br \/>\nDie erste Staffel von \"Mein D\u00e4mon\" endet auf schockierende und \u00fcberraschende Weise. W\u00e4hrend der gesamten Staffel begleiten wir die Hauptfigur Emma, als sie entdeckt, dass sie einen inneren D\u00e4mon namens Alex hat. Emma lernt, mit Alex zu leben und ihre d\u00e4monischen Kr\u00e4fte zu kontrollieren.<br \/>\n<br \/>\nIm Laufe der Staffel erkennt Emma, dass ihr innerer D\u00e4mon nicht so schlimm ist, wie sie dachte. Alex gibt ihr Unterst\u00fctzung und Kraft, wenn sie sie braucht, und gemeinsam schaffen sie es, viele Hindernisse zu \u00fcberwinden.<br \/>\n<br \/>\nGegen Ende der Staffel deckt Emma jedoch ein dunkles Geheimnis \u00fcber Xander auf. Sie erf\u00e4hrt, dass Alex von einem anderen D\u00e4mon, Gabriel, manipuliert wurde, der die vollst\u00e4ndige Kontrolle \u00fcber ihre K\u00f6rper erlangen will. Emma steht vor einer schwierigen Entscheidung: Soll sie Alex vertrauen und ihm im Kampf gegen Gabriel helfen, oder soll sie ihn bek\u00e4mpfen, um ihr eigenes Leben zu retten?<br \/>\n<br \/>\nSchlie\u00dflich beschlie\u00dft Emma, Alex zu vertrauen und ihm eine Chance zu geben, sich gegen Gabriel zu verteidigen. Gemeinsam st\u00fcrzen sie sich in einen epischen Kampf gegen Gabriel und setzen ihre vereinten Kr\u00e4fte ein, um ihn zu besiegen. Nach einem intensiven Kampf gelingt es Emma und Alex, Gabriel niederzustrecken und ihn in der H\u00f6lle zu versiegeln.<br \/>\n<br \/>\nDie Staffel endet damit, dass Emma erkennt, dass sie in Harmonie mit Alex, ihrem inneren D\u00e4mon, leben kann. Sie verpflichten sich, zusammenzuarbeiten, um andere vor b\u00f6sartigen D\u00e4monen zu sch\u00fctzen und ein Gleichgewicht zwischen ihrer menschlichen und d\u00e4monischen Natur zu finden.<br \/>\n<br \/>\nSo stellt das Ende von Staffel 1 von \"Mein D\u00e4mon\" die St\u00e4rke von Freundschaft und Vertrauen in den Vordergrund und zeigt, dass selbst innere D\u00e4monen mit der Hilfe anderer \u00fcberwunden werden k\u00f6nnen. Dies deutet auch auf neue, spannende Abenteuer f\u00fcr Emma und Alex in den kommenden Staffeln hin."},"content":{"rendered":"<p><em><\/em><\/p>\n<div id=\"ez-toc-container\" class=\"ez-toc-v2_0_82_2 counter-hierarchy ez-toc-counter ez-toc-grey ez-toc-container-direction\">\n<p class=\"ez-toc-title\" style=\"cursor:inherit\">Inhaltsverzeichnis<\/p>\n<label for=\"ez-toc-cssicon-toggle-item-69f220ccd141f\" class=\"ez-toc-cssicon-toggle-label\"><span class=\"\"><span class=\"eztoc-hide\" style=\"display:none;\">Toggle<\/span><span class=\"ez-toc-icon-toggle-span\"><svg style=\"fill: #999;color:#999\" xmlns=\"http:\/\/www.w3.org\/2000\/svg\" class=\"list-377408\" width=\"20px\" height=\"20px\" viewbox=\"0 0 24 24\" fill=\"none\"><path d=\"M6 6H4v2h2V6zm14 0H8v2h12V6zM4 11h2v2H4v-2zm16 0H8v2h12v-2zM4 16h2v2H4v-2zm16 0H8v2h12v-2z\" fill=\"currentColor\"><\/path><\/svg><svg style=\"fill: #999;color:#999\" class=\"arrow-unsorted-368013\" xmlns=\"http:\/\/www.w3.org\/2000\/svg\" width=\"10px\" height=\"10px\" viewbox=\"0 0 24 24\" version=\"1.2\" baseprofile=\"tiny\"><path d=\"M18.2 9.3l-6.2-6.3-6.2 6.3c-.2.2-.3.4-.3.7s.1.5.3.7c.2.2.4.3.7.3h11c.3 0 .5-.1.7-.3.2-.2.3-.5.3-.7s-.1-.5-.3-.7zM5.8 14.7l6.2 6.3 6.2-6.3c.2-.2.3-.5.3-.7s-.1-.5-.3-.7c-.2-.2-.4-.3-.7-.3h-11c-.3 0-.5.1-.7.3-.2.2-.3.5-.3.7s.1.5.3.7z\"\/><\/svg><\/span><\/span><\/label><input type=\"checkbox\"  id=\"ez-toc-cssicon-toggle-item-69f220ccd141f\"  aria-label=\"Toggle\" \/><nav><ul class='ez-toc-list ez-toc-list-level-1' ><li class='ez-toc-page-1 ez-toc-heading-level-2'><a class=\"ez-toc-link ez-toc-heading-1\" href=\"https:\/\/toukiela.com\/de\/mein-demon-season-1-erklarung-zum-ende-aufmerksam-machen-spoilern-wir-verfolgen-die-season-1-mein-demon-beendet-die-schockierende-und-uberraschende-manier-alles-zu-lange-der-season-wir-verfolgen-den-d\/#Articles_en_relation\" >Verwandte Artikel<\/a><ul class='ez-toc-list-level-3' ><li class='ez-toc-heading-level-3'><a class=\"ez-toc-link ez-toc-heading-2\" href=\"https:\/\/toukiela.com\/de\/mein-demon-season-1-erklarung-zum-ende-aufmerksam-machen-spoilern-wir-verfolgen-die-season-1-mein-demon-beendet-die-schockierende-und-uberraschende-manier-alles-zu-lange-der-season-wir-verfolgen-den-d\/#Power_Book_3_Saison_3_Episode_8_Quelle_date_et_heure_de_sortie\" >Power Book 3 Staffel 3 Episode 8: Welches Datum und welche Uhrzeit ist f\u00fcr die Ver\u00f6ffentlichung vorgesehen?<\/a><\/li><li class='ez-toc-page-1 ez-toc-heading-level-3'><a class=\"ez-toc-link ez-toc-heading-3\" href=\"https:\/\/toukiela.com\/de\/mein-demon-season-1-erklarung-zum-ende-aufmerksam-machen-spoilern-wir-verfolgen-die-season-1-mein-demon-beendet-die-schockierende-und-uberraschende-manier-alles-zu-lange-der-season-wir-verfolgen-den-d\/#Solo_Leveling_Episode_4_Quelle_date_et_heure_de_sortie\" >Solo Leveling Episode 4: Welches Datum und welche Uhrzeit sind f\u00fcr die Ver\u00f6ffentlichung vorgesehen?<\/a><\/li><li class='ez-toc-page-1 ez-toc-heading-level-3'><a class=\"ez-toc-link ez-toc-heading-4\" href=\"https:\/\/toukiela.com\/de\/mein-demon-season-1-erklarung-zum-ende-aufmerksam-machen-spoilern-wir-verfolgen-die-season-1-mein-demon-beendet-die-schockierende-und-uberraschende-manier-alles-zu-lange-der-season-wir-verfolgen-den-d\/#Ancestral_Saison_2_Quelle_date_de_sortie_Netflix\" >Ancestral Staffel 2: Welches Netflix-Ver\u00f6ffentlichungsdatum?<\/a><\/li><\/ul><\/li><li class='ez-toc-page-1 ez-toc-heading-level-2'><a class=\"ez-toc-link ez-toc-heading-5\" href=\"https:\/\/toukiela.com\/de\/mein-demon-season-1-erklarung-zum-ende-aufmerksam-machen-spoilern-wir-verfolgen-die-season-1-mein-demon-beendet-die-schockierende-und-uberraschende-manier-alles-zu-lange-der-season-wir-verfolgen-den-d\/#Plus_de_lauteur\" >Mehr vom Autor<\/a><\/li><\/ul><\/nav><\/div>\n<h2><span class=\"ez-toc-section\" id=\"Articles_en_relation\"><\/span>Verwandte Artikel<span class=\"ez-toc-section-end\"><\/span><\/h2>\n<p><\/p>\n<h3><span class=\"ez-toc-section\" id=\"Power_Book_3_Saison_3_Episode_8_Quelle_date_et_heure_de_sortie\"><\/span>Power Book 3 Staffel 3 Episode 8: Welches Datum und welche Uhrzeit ist f\u00fcr die Ver\u00f6ffentlichung vorgesehen?<span class=\"ez-toc-section-end\"><\/span><\/h3>\n<p><\/p>\n<div>\n<p>Staffel von Power Book 3 wird von den Fans der Serie mit Spannung erwartet. Sie alle fragen sich, wann die n\u00e4chste Folge ausgestrahlt wird und um welche Uhrzeit. Leider liegen uns diese Informationen noch nicht vor. Wir m\u00fcssen uns also noch etwas gedulden, bis wir das Datum und die Uhrzeit der Ver\u00f6ffentlichung von Episode 8 der dritten Staffel von Power Book 3 erfahren.<\/p>\n<p>\n<\/p><\/div>\n<h3><span class=\"ez-toc-section\" id=\"Solo_Leveling_Episode_4_Quelle_date_et_heure_de_sortie\"><\/span>Solo Leveling Episode 4: Welches Datum und welche Uhrzeit sind f\u00fcr die Ver\u00f6ffentlichung vorgesehen?<span class=\"ez-toc-section-end\"><\/span><\/h3>\n<p><\/p>\n<div>\n<p>Die Fans von Solo Leveling k\u00f6nnen es kaum erwarten, zu erfahren, wie die Geschichte weitergeht. Sie freuen sich auf die Ver\u00f6ffentlichung von Episode 4 und fragen sich, wann sie ausgestrahlt wird und um wie viel Uhr sie ausgestrahlt wird. Leider liegen uns diese Informationen noch nicht vor. Wir m\u00fcssen uns also noch ein wenig gedulden, bis wir wissen, wann und zu welcher Uhrzeit Episode 4 von Solo Leveling erscheinen wird.<\/p>\n<p>\n<\/p><\/div>\n<h3><span class=\"ez-toc-section\" id=\"Ancestral_Saison_2_Quelle_date_de_sortie_Netflix\"><\/span>Ancestral Staffel 2: Welches Netflix-Ver\u00f6ffentlichungsdatum?<span class=\"ez-toc-section-end\"><\/span><\/h3>\n<p><\/p>\n<div>\n<p>Die zweite Staffel der Serie Ancestral wird von den Fans mit Spannung erwartet. Sie wollen unbedingt wissen, wann sie auf Netflix zu sehen sein wird. Leider liegt uns diese Information noch nicht vor. Wir m\u00fcssen uns also noch ein wenig gedulden, bis wir wissen, wann die zweite Staffel von Ancestral auf Netflix erscheint.<\/p>\n<p>\n<\/p><\/div>\n<h2><span class=\"ez-toc-section\" id=\"Plus_de_lauteur\"><\/span>Mehr vom Autor<span class=\"ez-toc-section-end\"><\/span><\/h2>\n<p><\/p>\n<div>\n<p>Neben den verlinkten Artikeln finden Sie auf unserer Seite auch andere Inhalte des Autors. Z\u00f6gern Sie nicht, unsere Seite zu erkunden, um weitere Artikel, Videos und Podcasts des Autors zu entdecken.<\/p>\n<p>\n<\/p><\/div>","protected":false},"excerpt":{"rendered":"","protected":false},"author":1,"featured_media":9840,"comment_status":"open","ping_status":"open","sticky":false,"template":"","format":"standard","meta":{"_seopress_robots_primary_cat":"","_seopress_titles_title":"","_seopress_titles_desc":"","_seopress_robots_index":"","footnotes":""},"categories":[645],"tags":[],"class_list":["post-9838","post","type-post","status-publish","format-standard","has-post-thumbnail","hentry","category-netflix","generate-columns","tablet-grid-50","mobile-grid-100","grid-parent","grid-50"],"_links":{"self":[{"href":"https:\/\/toukiela.com\/de\/wp-json\/wp\/v2\/posts\/9838","targetHints":{"allow":["GET"]}}],"collection":[{"href":"https:\/\/toukiela.com\/de\/wp-json\/wp\/v2\/posts"}],"about":[{"href":"https:\/\/toukiela.com\/de\/wp-json\/wp\/v2\/types\/post"}],"author":[{"embeddable":true,"href":"https:\/\/toukiela.com\/de\/wp-json\/wp\/v2\/users\/1"}],"replies":[{"embeddable":true,"href":"https:\/\/toukiela.com\/de\/wp-json\/wp\/v2\/comments?post=9838"}],"version-history":[{"count":1,"href":"https:\/\/toukiela.com\/de\/wp-json\/wp\/v2\/posts\/9838\/revisions"}],"predecessor-version":[{"id":9839,"href":"https:\/\/toukiela.com\/de\/wp-json\/wp\/v2\/posts\/9838\/revisions\/9839"}],"wp:featuredmedia":[{"embeddable":true,"href":"https:\/\/toukiela.com\/de\/wp-json\/wp\/v2\/media\/9840"}],"wp:attachment":[{"href":"https:\/\/toukiela.com\/de\/wp-json\/wp\/v2\/media?parent=9838"}],"wp:term":[{"taxonomy":"category","embeddable":true,"href":"https:\/\/toukiela.com\/de\/wp-json\/wp\/v2\/categories?post=9838"},{"taxonomy":"post_tag","embeddable":true,"href":"https:\/\/toukiela.com\/de\/wp-json\/wp\/v2\/tags?post=9838"}],"curies":[{"name":"wp","href":"https:\/\/api.w.org\/{rel}","templated":true}]}}