{"id":9707,"date":"2024-01-18T00:06:46","date_gmt":"2024-01-17T22:06:46","guid":{"rendered":"https:\/\/toukiela.com\/utilisation-discriminatoire-interdite-de-la-parodie-exception-de-droit-dauteur-refusee-au-defendeur-decouvrez-pourquoi\/"},"modified":"2024-01-18T00:06:47","modified_gmt":"2024-01-17T22:06:47","slug":"utilisation-discriminatoire-interdite-de-la-parodie-exception-de-droit-dauteur-refusee-au-defendeur-decouvrez-pourquoi","status":"publish","type":"post","link":"https:\/\/toukiela.com\/de\/utilisation-discriminatoire-interdite-de-la-parodie-exception-de-droit-dauteur-refusee-au-defendeur-decouvrez-pourquoi\/","title":{"rendered":"Utilisation discriminatoire interdite de la parodie : Exception de droit d&rsquo;auteur refus\u00e9e au d\u00e9fendeur ! D\u00e9couvrez pourquoi."},"content":{"rendered":"<p><em><\/em><\/p>\n<div id=\"ez-toc-container\" class=\"ez-toc-v2_0_82_2 counter-hierarchy ez-toc-counter ez-toc-grey ez-toc-container-direction\">\n<p class=\"ez-toc-title\" style=\"cursor:inherit\">Inhaltsverzeichnis<\/p>\n<label for=\"ez-toc-cssicon-toggle-item-69f1ba5142e70\" class=\"ez-toc-cssicon-toggle-label\"><span class=\"\"><span class=\"eztoc-hide\" style=\"display:none;\">Toggle<\/span><span class=\"ez-toc-icon-toggle-span\"><svg style=\"fill: #999;color:#999\" xmlns=\"http:\/\/www.w3.org\/2000\/svg\" class=\"list-377408\" width=\"20px\" height=\"20px\" viewbox=\"0 0 24 24\" fill=\"none\"><path d=\"M6 6H4v2h2V6zm14 0H8v2h12V6zM4 11h2v2H4v-2zm16 0H8v2h12v-2zM4 16h2v2H4v-2zm16 0H8v2h12v-2z\" fill=\"currentColor\"><\/path><\/svg><svg style=\"fill: #999;color:#999\" class=\"arrow-unsorted-368013\" xmlns=\"http:\/\/www.w3.org\/2000\/svg\" width=\"10px\" height=\"10px\" viewbox=\"0 0 24 24\" version=\"1.2\" baseprofile=\"tiny\"><path d=\"M18.2 9.3l-6.2-6.3-6.2 6.3c-.2.2-.3.4-.3.7s.1.5.3.7c.2.2.4.3.7.3h11c.3 0 .5-.1.7-.3.2-.2.3-.5.3-.7s-.1-.5-.3-.7zM5.8 14.7l6.2 6.3 6.2-6.3c.2-.2.3-.5.3-.7s-.1-.5-.3-.7c-.2-.2-.4-.3-.7-.3h-11c-.3 0-.5.1-.7.3-.2.2-.3.5-.3.7s.1.5.3.7z\"\/><\/svg><\/span><\/span><\/label><input type=\"checkbox\"  id=\"ez-toc-cssicon-toggle-item-69f1ba5142e70\"  aria-label=\"Toggle\" \/><nav><ul class='ez-toc-list ez-toc-list-level-1' ><li class='ez-toc-page-1 ez-toc-heading-level-2'><a class=\"ez-toc-link ez-toc-heading-1\" href=\"https:\/\/toukiela.com\/de\/utilisation-discriminatoire-interdite-de-la-parodie-exception-de-droit-dauteur-refusee-au-defendeur-decouvrez-pourquoi\/#Un_ancien_conseiller_municipal_condamne_pour_violation_du_droit_dauteur\" >Un ancien conseiller municipal condamn\u00e9 pour violation du droit d\u2019auteur<\/a><\/li><li class='ez-toc-page-1 ez-toc-heading-level-2'><a class=\"ez-toc-link ez-toc-heading-2\" href=\"https:\/\/toukiela.com\/de\/utilisation-discriminatoire-interdite-de-la-parodie-exception-de-droit-dauteur-refusee-au-defendeur-decouvrez-pourquoi\/#Laffaire_Campbell_v_Acuff-Rose_Music_Inc\" >L\u2019affaire Campbell v. Acuff-Rose Music, Inc.<\/a><\/li><li class='ez-toc-page-1 ez-toc-heading-level-2'><a class=\"ez-toc-link ez-toc-heading-3\" href=\"https:\/\/toukiela.com\/de\/utilisation-discriminatoire-interdite-de-la-parodie-exception-de-droit-dauteur-refusee-au-defendeur-decouvrez-pourquoi\/#Les_limites_de_la_liberte_dexpression\" >Les limites de la libert\u00e9 d\u2019expression<\/a><\/li><li class='ez-toc-page-1 ez-toc-heading-level-2'><a class=\"ez-toc-link ez-toc-heading-4\" href=\"https:\/\/toukiela.com\/de\/utilisation-discriminatoire-interdite-de-la-parodie-exception-de-droit-dauteur-refusee-au-defendeur-decouvrez-pourquoi\/#La_defense_de_la_parodie_par_les_sous-titres\" >La d\u00e9fense de la parodie par les sous-titres<\/a><\/li><li class='ez-toc-page-1 ez-toc-heading-level-2'><a class=\"ez-toc-link ez-toc-heading-5\" href=\"https:\/\/toukiela.com\/de\/utilisation-discriminatoire-interdite-de-la-parodie-exception-de-droit-dauteur-refusee-au-defendeur-decouvrez-pourquoi\/#La_parodie_en_droit_dauteur\" >La parodie en droit d\u2019auteur<\/a><\/li><li class='ez-toc-page-1 ez-toc-heading-level-2'><a class=\"ez-toc-link ez-toc-heading-6\" href=\"https:\/\/toukiela.com\/de\/utilisation-discriminatoire-interdite-de-la-parodie-exception-de-droit-dauteur-refusee-au-defendeur-decouvrez-pourquoi\/#La_liberte_dexpression_contre_linterdiction_de_la_discrimination\" >La libert\u00e9 d\u2019expression contre l\u2019interdiction de la discrimination<\/a><\/li><\/ul><\/nav><\/div>\n<h2><span class=\"ez-toc-section\" id=\"Un_ancien_conseiller_municipal_condamne_pour_violation_du_droit_dauteur\"><\/span>Un ancien conseiller municipal condamn\u00e9 pour violation du droit d\u2019auteur<span class=\"ez-toc-section-end\"><\/span><\/h2>\n<p><\/p>\n<p>Un ancien conseiller municipal qui a utilis\u00e9 des images provenant d\u2019un reportage, pr\u00e9sent\u00e9 dans une langue \u00e9trang\u00e8re et sous-titr\u00e9 avec un message totalement diff\u00e9rent, a perdu son affaire en Finlande. La d\u00e9fense de Junes Lokka reposait sur son droit \u00e0 utiliser librement du contenu prot\u00e9g\u00e9 par le droit d\u2019auteur \u00e0 des fins de parodie. Le tribunal a toutefois reconnu Lokka coupable de violation criminelle du droit d\u2019auteur pour avoir diffus\u00e9 la vid\u00e9o modifi\u00e9e sur Twitter, estimant que le contenu raciste et insultant ne b\u00e9n\u00e9ficie pas de la libert\u00e9 de parodie.<\/p>\n<h2><span class=\"ez-toc-section\" id=\"Laffaire_Campbell_v_Acuff-Rose_Music_Inc\"><\/span>L\u2019affaire Campbell v. Acuff-Rose Music, Inc.<span class=\"ez-toc-section-end\"><\/span><\/h2>\n<p><\/p>\n<p>L\u2019affaire Campbell v. Acuff-Rose Music, Inc. est l\u2019un des cas les plus int\u00e9ressants de l\u2019histoire \u00e0 avoir invoqu\u00e9 une d\u00e9fense de l\u2019utilisation \u00e9quitable, arguant que la pr\u00e9tendue violation du droit d\u2019auteur pouvait \u00eatre consid\u00e9r\u00e9e comme une parodie.<\/p>\n<p><\/p>\n<p>Acuff-Rose a poursuivi les membres du groupe de hip-hop 2 Live Crew, affirmant que leur chanson \u00ab\u00a0Pretty Woman\u00a0\u00bb violait le droit d\u2019auteur de la chanson de Roy Orbison, \u00ab\u00a0Oh, Pretty Woman\u00a0\u00bb. 2 Live Crew avait pr\u00e9c\u00e9demment cherch\u00e9 \u00e0 obtenir une licence pour utiliser la chanson \u00e0 des fins de parodie, mais Acuff-Rose avait refus\u00e9 et 2 Live Crew l\u2019avait utilis\u00e9e quand m\u00eame.<\/p>\n<p><\/p>\n<p>L\u2019affaire est all\u00e9e jusqu\u2019\u00e0 la Cour supr\u00eame, o\u00f9 2 Live Crew a pr\u00e9valu ; leur parodie a \u00e9t\u00e9 jug\u00e9e l\u00e9gale, m\u00eame si elle \u00e9tait un produit commercial. Cependant, certains estimaient que la musique de 2 Live Crew ne devrait pas \u00eatre en vente du tout. Trois membres avaient \u00e9t\u00e9 arr\u00eat\u00e9s pr\u00e9c\u00e9demment pour des violations pr\u00e9sum\u00e9es d\u2019obsc\u00e9nit\u00e9 mais avaient finalement \u00e9t\u00e9 acquitt\u00e9s gr\u00e2ce au soutien d\u2019activistes de la libert\u00e9 d\u2019expression.<\/p>\n<h2><span class=\"ez-toc-section\" id=\"Les_limites_de_la_liberte_dexpression\"><\/span>Les limites de la libert\u00e9 d\u2019expression<span class=\"ez-toc-section-end\"><\/span><\/h2>\n<p><\/p>\n<p>Un proc\u00e8s pour violation criminelle du droit d\u2019auteur qui s\u2019est conclu cette semaine en Finlande a \u00e9galement vu le d\u00e9fendeur invoquer une d\u00e9fense de la parodie similaire \u00e0 l\u2019utilisation \u00e9quitable. Il s\u2019agissait de l\u2019utilisation de contenu prot\u00e9g\u00e9 par le droit d\u2019auteur pour cr\u00e9er une pr\u00e9tendue \u00ab\u00a0parodie\u00a0\u00bb (que beaucoup de personnes trouveraient offensante), la diffusion de ce contenu au public via Twitter, et un d\u00e9fendeur revendiquant l\u2019immunit\u00e9 en vertu du droit d\u2019auteur. D\u2019autres voies avaient d\u00e9j\u00e0 \u00e9t\u00e9 explor\u00e9es auparavant.<\/p>\n<p><\/p>\n<p>L\u2019ancien conseiller municipal d\u2019Oulu, Junes Lokka, et la controverse sont rarement \u00e9loign\u00e9s. Il exprime r\u00e9guli\u00e8rement ses opinions sur les minorit\u00e9s ethniques, y compris ce qu\u2019elles repr\u00e9sentent et ce qui devrait \u00eatre fait \u00e0 leur \u00e9gard. En 2022, Lokka a \u00e9t\u00e9 confront\u00e9 \u00e0 la Cour supr\u00eame de Finlande pour des vid\u00e9os d\u2019une manifestation de 2016 publi\u00e9es sur sa cha\u00eene YouTube, auxquelles Lokka a ajout\u00e9 des sous-titres dans diff\u00e9rentes langues.<\/p>\n<p><\/p>\n<p>Si les mots dans ces vid\u00e9os n\u2019\u00e9taient pas ceux de Lokka, sa pr\u00e9tention d\u2019agir en tant que journaliste lorsqu\u2019il ajoutait des sous-titres a \u00e9t\u00e9 rejet\u00e9e par le tribunal. Confirmant la d\u00e9cision d\u2019un tribunal inf\u00e9rieur, la Cour supr\u00eame a conclu que les vid\u00e9os contenaient des discours haineux et que Lokka \u00e9tait responsable de leur diffusion sur sa cha\u00eene YouTube, ce qui a entra\u00een\u00e9 sa condamnation pour incitation \u00e0 la haine ethnique.<\/p>\n<h2><span class=\"ez-toc-section\" id=\"La_defense_de_la_parodie_par_les_sous-titres\"><\/span>La d\u00e9fense de la parodie par les sous-titres<span class=\"ez-toc-section-end\"><\/span><\/h2>\n<p><\/p>\n<p>Au printemps 2020, alors que l\u2019ampleur de la pand\u00e9mie de coronavirus commen\u00e7ait \u00e0 se faire sentir, le diffuseur public national finlandais Yleisradio Oy (Compagnie de radiodiffusion finlandaise) a diffus\u00e9 un reportage en somali. Sans obtenir l\u2019autorisation, Lokka a fait une copie du reportage, y a ajout\u00e9 ses propres sous-titres, puis a retransmis la nouvelle version au public via Twitter.<\/p>\n<p><\/p>\n<p>De l\u2019avis de Yleisradio, les sous-titres ajout\u00e9s par Lokka \u00e9taient \u00e0 la fois racistes et d\u00e9gradants. Lorsqu\u2019il a copi\u00e9 puis rediffus\u00e9 le reportage, il a commis une violation du droit d\u2019auteur.<\/p>\n<p><\/p>\n<p>Lokka pr\u00e9tendait qu\u2019il n\u2019\u00e9tait pas n\u00e9cessaire d\u2019obtenir l\u2019autorisation de Yleisradio. Une nouvelle loi entr\u00e9e en vigueur en avril 2023 permet l\u2019utilisation gratuite d\u2019\u0153uvres prot\u00e9g\u00e9es par le droit d\u2019auteur \u00e0 des fins de parodie, de pastiche et de caricature.<\/p>\n<p><\/p>\n<p>Lokka a choisi la parodie, mais dans les circonstances, cela n\u2019a pas convaincu.<\/p>\n<h2><span class=\"ez-toc-section\" id=\"La_parodie_en_droit_dauteur\"><\/span>La parodie en droit d\u2019auteur<span class=\"ez-toc-section-end\"><\/span><\/h2>\n<p><\/p>\n<p>Yleisradio \u00e9tait repr\u00e9sent\u00e9e par le Copyright Information and Control Center (TTVK) et, comme l\u2019a r\u00e9v\u00e9l\u00e9 le groupe finlandais de lutte contre le piratage cette semaine, la nature des sous-titres ajout\u00e9s au reportage a \u00e9t\u00e9 fatale \u00e0 la d\u00e9fense de Lokka.<\/p>\n<p><\/p>\n<p>\u00ab\u00a0Le tribunal a estim\u00e9 que cela ne pouvait pas \u00eatre consid\u00e9r\u00e9 comme une parodie au sens de l\u2019article 23a de la loi sur le droit d\u2019auteur, mais comme une modification interdite de l\u2019\u0153uvre\u00a0\u00bb, explique le TTVK.<\/p>\n<p><\/p>\n<p>\u00ab\u00a0L\u2019utilisation de l\u2019enregistrement de la mani\u00e8re d\u00e9crite dans l\u2019affaire n\u2019\u00e9tait pas justifi\u00e9e par les exceptions au droit d\u2019auteur. Le tribunal a consid\u00e9r\u00e9 que la vid\u00e9o modifi\u00e9e contenait un message discriminatoire et s\u2019est appuy\u00e9 sur les lignes directrices d\u2019interpr\u00e9tation fournies par la Cour de justice de l\u2019Union europ\u00e9enne.\u00a0\u00bb<\/p>\n<h2><span class=\"ez-toc-section\" id=\"La_liberte_dexpression_contre_linterdiction_de_la_discrimination\"><\/span>La libert\u00e9 d\u2019expression contre l\u2019interdiction de la discrimination<span class=\"ez-toc-section-end\"><\/span><\/h2>\n<p><\/p>\n<p>Ces lignes directrices font r\u00e9f\u00e9rence \u00e0 un avis juridique dans l\u2019affaire C-201\/13 \u2013 Deckmyn et Vrijheidsfonds VZW c. Vandersteen et autres, qui a conclu que certaines conditions doivent \u00eatre remplies pour qu\u2019une \u0153uvre d\u00e9riv\u00e9e puisse \u00eatre consid\u00e9r\u00e9e comme une parodie.<\/p>\n<p><\/p>\n<p>Dans le cas finlandais, la compatibilit\u00e9 avec la Convention europ\u00e9enne des droits de l\u2019homme, qui garantit la libert\u00e9 d\u2019expression mais interdit la discrimination fond\u00e9e sur la race ou la religion, s\u2019est av\u00e9r\u00e9e cruciale.<\/p>\n<p><\/p>\n<p>\u00ab\u00a0Par cons\u00e9quent, un acte contenant un message discriminatoire ne peut pas \u00eatre consid\u00e9r\u00e9 comme une parodie autoris\u00e9e\u00a0\u00bb, rapporte le TTVK.<\/p>\n<p><\/p>\n<p>\u00c9tant donn\u00e9 que le statut de parodie n\u2019\u00e9tait pas disponible, le contenu publi\u00e9 sur Twitter a \u00e9t\u00e9 confirm\u00e9 comme une \u0153uvre d\u00e9riv\u00e9e non autoris\u00e9e, distribu\u00e9e par Lokka en violation du droit d\u2019auteur.<\/p>\n<p><\/p>\n<p>Le tribunal a d\u00e9clar\u00e9 le d\u00e9fendeur coupable d\u2019un crime de violation du droit d\u2019auteur et l\u2019a condamn\u00e9 \u00e0 une amende. Il devra \u00e9galement verser des indemnit\u00e9s \u00e0 Yleisradio.<\/p>\n<p><\/p>\n<p>Les commentaires publi\u00e9s sur le compte Twitter de Lokka sugg\u00e8rent que, dans la mesure o\u00f9 un effet dissuasif \u00e9tait recherch\u00e9, il pourrait \u00eatre assez limit\u00e9.<\/p>","protected":false},"excerpt":{"rendered":"","protected":false},"author":1,"featured_media":9709,"comment_status":"open","ping_status":"open","sticky":false,"template":"","format":"standard","meta":{"_seopress_robots_primary_cat":"","_seopress_titles_title":"","_seopress_titles_desc":"","_seopress_robots_index":"","footnotes":""},"categories":[586],"tags":[],"class_list":["post-9707","post","type-post","status-publish","format-standard","has-post-thumbnail","hentry","category-actu-tech","generate-columns","tablet-grid-50","mobile-grid-100","grid-parent","grid-50"],"_links":{"self":[{"href":"https:\/\/toukiela.com\/de\/wp-json\/wp\/v2\/posts\/9707","targetHints":{"allow":["GET"]}}],"collection":[{"href":"https:\/\/toukiela.com\/de\/wp-json\/wp\/v2\/posts"}],"about":[{"href":"https:\/\/toukiela.com\/de\/wp-json\/wp\/v2\/types\/post"}],"author":[{"embeddable":true,"href":"https:\/\/toukiela.com\/de\/wp-json\/wp\/v2\/users\/1"}],"replies":[{"embeddable":true,"href":"https:\/\/toukiela.com\/de\/wp-json\/wp\/v2\/comments?post=9707"}],"version-history":[{"count":1,"href":"https:\/\/toukiela.com\/de\/wp-json\/wp\/v2\/posts\/9707\/revisions"}],"predecessor-version":[{"id":9708,"href":"https:\/\/toukiela.com\/de\/wp-json\/wp\/v2\/posts\/9707\/revisions\/9708"}],"wp:featuredmedia":[{"embeddable":true,"href":"https:\/\/toukiela.com\/de\/wp-json\/wp\/v2\/media\/9709"}],"wp:attachment":[{"href":"https:\/\/toukiela.com\/de\/wp-json\/wp\/v2\/media?parent=9707"}],"wp:term":[{"taxonomy":"category","embeddable":true,"href":"https:\/\/toukiela.com\/de\/wp-json\/wp\/v2\/categories?post=9707"},{"taxonomy":"post_tag","embeddable":true,"href":"https:\/\/toukiela.com\/de\/wp-json\/wp\/v2\/tags?post=9707"}],"curies":[{"name":"wp","href":"https:\/\/api.w.org\/{rel}","templated":true}]}}