{"id":9319,"date":"2024-01-05T07:03:10","date_gmt":"2024-01-05T05:03:10","guid":{"rendered":"https:\/\/toukiela.com\/carlos-rodriguez-que-devient-lancien-membre-du-cercle-des-neiges-aujourdhui\/"},"modified":"2024-01-05T07:03:11","modified_gmt":"2024-01-05T05:03:11","slug":"carlos-rodriguez-que-devient-lancien-membre-du-cercle-des-neiges-aujourdhui","status":"publish","type":"post","link":"https:\/\/toukiela.com\/de\/carlos-rodriguez-que-devient-lancien-membre-du-cercle-des-neiges-aujourdhui\/","title":{"rendered":"Carlos Rodriguez : Que devient l&rsquo;ancien membre du Cercle des Neiges aujourd&rsquo;hui ?"},"content":{"rendered":"<p><em><\/em><\/p>\n<div id=\"ez-toc-container\" class=\"ez-toc-v2_0_82_2 counter-hierarchy ez-toc-counter ez-toc-grey ez-toc-container-direction\">\n<p class=\"ez-toc-title\" style=\"cursor:inherit\">Inhaltsverzeichnis<\/p>\n<label for=\"ez-toc-cssicon-toggle-item-69f1e3a606260\" class=\"ez-toc-cssicon-toggle-label\"><span class=\"\"><span class=\"eztoc-hide\" style=\"display:none;\">Toggle<\/span><span class=\"ez-toc-icon-toggle-span\"><svg style=\"fill: #999;color:#999\" xmlns=\"http:\/\/www.w3.org\/2000\/svg\" class=\"list-377408\" width=\"20px\" height=\"20px\" viewbox=\"0 0 24 24\" fill=\"none\"><path d=\"M6 6H4v2h2V6zm14 0H8v2h12V6zM4 11h2v2H4v-2zm16 0H8v2h12v-2zM4 16h2v2H4v-2zm16 0H8v2h12v-2z\" fill=\"currentColor\"><\/path><\/svg><svg style=\"fill: #999;color:#999\" class=\"arrow-unsorted-368013\" xmlns=\"http:\/\/www.w3.org\/2000\/svg\" width=\"10px\" height=\"10px\" viewbox=\"0 0 24 24\" version=\"1.2\" baseprofile=\"tiny\"><path d=\"M18.2 9.3l-6.2-6.3-6.2 6.3c-.2.2-.3.4-.3.7s.1.5.3.7c.2.2.4.3.7.3h11c.3 0 .5-.1.7-.3.2-.2.3-.5.3-.7s-.1-.5-.3-.7zM5.8 14.7l6.2 6.3 6.2-6.3c.2-.2.3-.5.3-.7s-.1-.5-.3-.7c-.2-.2-.4-.3-.7-.3h-11c-.3 0-.5.1-.7.3-.2.2-.3.5-.3.7s.1.5.3.7z\"\/><\/svg><\/span><\/span><\/label><input type=\"checkbox\"  id=\"ez-toc-cssicon-toggle-item-69f1e3a606260\"  aria-label=\"Toggle\" \/><nav><ul class='ez-toc-list ez-toc-list-level-1' ><li class='ez-toc-page-1 ez-toc-heading-level-2'><a class=\"ez-toc-link ez-toc-heading-1\" href=\"https:\/\/toukiela.com\/de\/carlos-rodriguez-que-devient-lancien-membre-du-cercle-des-neiges-aujourdhui\/#Le_Cercle_des_Neiges_Explication_de_la_fin\" >Der Snow Circle: Erkl\u00e4rung des Endes!<\/a><\/li><li class='ez-toc-page-1 ez-toc-heading-level-2'><a class=\"ez-toc-link ez-toc-heading-2\" href=\"https:\/\/toukiela.com\/de\/carlos-rodriguez-que-devient-lancien-membre-du-cercle-des-neiges-aujourdhui\/#Que_devient_Roberto_Canessa_aujourdhui\" >Was passiert heute mit Roberto Canessa?<\/a><\/li><li class='ez-toc-page-1 ez-toc-heading-level-2'><a class=\"ez-toc-link ez-toc-heading-3\" href=\"https:\/\/toukiela.com\/de\/carlos-rodriguez-que-devient-lancien-membre-du-cercle-des-neiges-aujourdhui\/#Que_devient_Nando_Parrado_aujourdhui\" >Que devient Nando Parrado aujourd\u2019hui ?<\/a><\/li><li class='ez-toc-page-1 ez-toc-heading-level-2'><a class=\"ez-toc-link ez-toc-heading-4\" href=\"https:\/\/toukiela.com\/de\/carlos-rodriguez-que-devient-lancien-membre-du-cercle-des-neiges-aujourdhui\/#Articles_en_relation\" >Verwandte Artikel<\/a><\/li><li class='ez-toc-page-1 ez-toc-heading-level-2'><a class=\"ez-toc-link ez-toc-heading-5\" href=\"https:\/\/toukiela.com\/de\/carlos-rodriguez-que-devient-lancien-membre-du-cercle-des-neiges-aujourdhui\/#Plus_de_lauteur\" >Mehr vom Autor<\/a><\/li><li class='ez-toc-page-1 ez-toc-heading-level-2'><a class=\"ez-toc-link ez-toc-heading-6\" href=\"https:\/\/toukiela.com\/de\/carlos-rodriguez-que-devient-lancien-membre-du-cercle-des-neiges-aujourdhui\/#Pour_conclure\" >Pour conclure<\/a><\/li><\/ul><\/nav><\/div>\n<h2><span class=\"ez-toc-section\" id=\"Le_Cercle_des_Neiges_Explication_de_la_fin\"><\/span>Der Snow Circle: Erkl\u00e4rung des Endes!<span class=\"ez-toc-section-end\"><\/span><\/h2>\n<p>\nLe Cercle des Neiges est un film qui a suscit\u00e9 beaucoup d\u2019interrogations concernant sa fin. Dans cet article, nous allons vous donner une explication d\u00e9taill\u00e9e de la fin de ce film.<\/p>\n<h2><span class=\"ez-toc-section\" id=\"Que_devient_Roberto_Canessa_aujourdhui\"><\/span>Was passiert heute mit Roberto Canessa?<span class=\"ez-toc-section-end\"><\/span><\/h2>\n<p>\nRoberto Canessa est l\u2019un des personnages principaux du film Le Cercle des Neiges. Beaucoup se demandent ce qu\u2019il est devenu apr\u00e8s les \u00e9v\u00e9nements tragiques qu\u2019il a v\u00e9cus. Dans cet article, nous vous donnerons des informations sur la vie actuelle de Roberto Canessa.<\/p>\n<h2><span class=\"ez-toc-section\" id=\"Que_devient_Nando_Parrado_aujourdhui\"><\/span>Que devient Nando Parrado aujourd\u2019hui ?<span class=\"ez-toc-section-end\"><\/span><\/h2>\n<p>\nNando Parrado est un autre personnage cl\u00e9 du film Le Cercle des Neiges. Apr\u00e8s avoir surv\u00e9cu \u00e0 un accident d\u2019avion dans les Andes, beaucoup se demandent ce qu\u2019il est devenu. Dans cet article, nous vous donnerons des informations sur la vie actuelle de Nando Parrado.<\/p>\n<h2><span class=\"ez-toc-section\" id=\"Articles_en_relation\"><\/span>Verwandte Artikel<span class=\"ez-toc-section-end\"><\/span><\/h2>\n<p>\nEn plus des explications sur la fin du film Le Cercle des Neiges et des informations sur la vie actuelle de Roberto Canessa et Nando Parrado, nous vous proposons \u00e9galement des articles connexes qui pourraient vous int\u00e9resser. Vous y trouverez des analyses approfondies sur diff\u00e9rents aspects du film et des histoires similaires qui pourraient vous captiver.<\/p>\n<h2><span class=\"ez-toc-section\" id=\"Plus_de_lauteur\"><\/span>Mehr vom Autor<span class=\"ez-toc-section-end\"><\/span><\/h2>\n<p>\nSi vous \u00eates int\u00e9ress\u00e9 par le travail de l\u2019auteur du film Le Cercle des Neiges, nous vous proposons de d\u00e9couvrir plus d\u2019informations \u00e0 son sujet. Vous pourrez ainsi en apprendre davantage sur sa carri\u00e8re et ses autres r\u00e9alisations.<\/p>\n<h2><span class=\"ez-toc-section\" id=\"Pour_conclure\"><\/span>Pour conclure<span class=\"ez-toc-section-end\"><\/span><\/h2>\n<p>\nLe Cercle des Neiges est un film qui continue de fasciner et qui soul\u00e8ve de nombreuses questions. Nous esp\u00e9rons que cet article vous a apport\u00e9 des r\u00e9ponses sur la fin du film et sur la vie actuelle de Roberto Canessa et Nando Parrado. N\u2019h\u00e9sitez pas \u00e0 consulter nos articles connexes pour approfondir vos connaissances sur ce sujet.<\/p>","protected":false},"excerpt":{"rendered":"","protected":false},"author":1,"featured_media":9322,"comment_status":"open","ping_status":"open","sticky":false,"template":"","format":"standard","meta":{"_seopress_robots_primary_cat":"","_seopress_titles_title":"","_seopress_titles_desc":"","_seopress_robots_index":"","footnotes":""},"categories":[645],"tags":[],"class_list":["post-9319","post","type-post","status-publish","format-standard","has-post-thumbnail","hentry","category-netflix","generate-columns","tablet-grid-50","mobile-grid-100","grid-parent","grid-50"],"_links":{"self":[{"href":"https:\/\/toukiela.com\/de\/wp-json\/wp\/v2\/posts\/9319","targetHints":{"allow":["GET"]}}],"collection":[{"href":"https:\/\/toukiela.com\/de\/wp-json\/wp\/v2\/posts"}],"about":[{"href":"https:\/\/toukiela.com\/de\/wp-json\/wp\/v2\/types\/post"}],"author":[{"embeddable":true,"href":"https:\/\/toukiela.com\/de\/wp-json\/wp\/v2\/users\/1"}],"replies":[{"embeddable":true,"href":"https:\/\/toukiela.com\/de\/wp-json\/wp\/v2\/comments?post=9319"}],"version-history":[{"count":1,"href":"https:\/\/toukiela.com\/de\/wp-json\/wp\/v2\/posts\/9319\/revisions"}],"predecessor-version":[{"id":9320,"href":"https:\/\/toukiela.com\/de\/wp-json\/wp\/v2\/posts\/9319\/revisions\/9320"}],"wp:featuredmedia":[{"embeddable":true,"href":"https:\/\/toukiela.com\/de\/wp-json\/wp\/v2\/media\/9322"}],"wp:attachment":[{"href":"https:\/\/toukiela.com\/de\/wp-json\/wp\/v2\/media?parent=9319"}],"wp:term":[{"taxonomy":"category","embeddable":true,"href":"https:\/\/toukiela.com\/de\/wp-json\/wp\/v2\/categories?post=9319"},{"taxonomy":"post_tag","embeddable":true,"href":"https:\/\/toukiela.com\/de\/wp-json\/wp\/v2\/tags?post=9319"}],"curies":[{"name":"wp","href":"https:\/\/api.w.org\/{rel}","templated":true}]}}