{"id":8817,"date":"2023-12-18T19:28:52","date_gmt":"2023-12-18T17:28:52","guid":{"rendered":"https:\/\/toukiela.com\/retour-a-samdal-ri-episode-7-date-et-heure-de-sortie-annoncees\/"},"modified":"2023-12-18T19:28:53","modified_gmt":"2023-12-18T17:28:53","slug":"retour-a-samdal-ri-episode-7-date-et-heure-de-sortie-annoncees","status":"publish","type":"post","link":"https:\/\/toukiela.com\/de\/retour-a-samdal-ri-episode-7-date-et-heure-de-sortie-annoncees\/","title":{"rendered":"Retour \u00e0 Samdal-Ri \u00c9pisode 7 : Date et heure de sortie annonc\u00e9es"},"content":{"rendered":"<p><em><\/em><\/p>\n<div id=\"ez-toc-container\" class=\"ez-toc-v2_0_82_2 counter-hierarchy ez-toc-counter ez-toc-grey ez-toc-container-direction\">\n<p class=\"ez-toc-title\" style=\"cursor:inherit\">Inhaltsverzeichnis<\/p>\n<label for=\"ez-toc-cssicon-toggle-item-69f20569dc1d2\" class=\"ez-toc-cssicon-toggle-label\"><span class=\"\"><span class=\"eztoc-hide\" style=\"display:none;\">Toggle<\/span><span class=\"ez-toc-icon-toggle-span\"><svg style=\"fill: #999;color:#999\" xmlns=\"http:\/\/www.w3.org\/2000\/svg\" class=\"list-377408\" width=\"20px\" height=\"20px\" viewbox=\"0 0 24 24\" fill=\"none\"><path d=\"M6 6H4v2h2V6zm14 0H8v2h12V6zM4 11h2v2H4v-2zm16 0H8v2h12v-2zM4 16h2v2H4v-2zm16 0H8v2h12v-2z\" fill=\"currentColor\"><\/path><\/svg><svg style=\"fill: #999;color:#999\" class=\"arrow-unsorted-368013\" xmlns=\"http:\/\/www.w3.org\/2000\/svg\" width=\"10px\" height=\"10px\" viewbox=\"0 0 24 24\" version=\"1.2\" baseprofile=\"tiny\"><path d=\"M18.2 9.3l-6.2-6.3-6.2 6.3c-.2.2-.3.4-.3.7s.1.5.3.7c.2.2.4.3.7.3h11c.3 0 .5-.1.7-.3.2-.2.3-.5.3-.7s-.1-.5-.3-.7zM5.8 14.7l6.2 6.3 6.2-6.3c.2-.2.3-.5.3-.7s-.1-.5-.3-.7c-.2-.2-.4-.3-.7-.3h-11c-.3 0-.5.1-.7.3-.2.2-.3.5-.3.7s.1.5.3.7z\"\/><\/svg><\/span><\/span><\/label><input type=\"checkbox\"  id=\"ez-toc-cssicon-toggle-item-69f20569dc1d2\"  aria-label=\"Toggle\" \/><nav><ul class='ez-toc-list ez-toc-list-level-1' ><li class='ez-toc-page-1 ez-toc-heading-level-2'><a class=\"ez-toc-link ez-toc-heading-1\" href=\"https:\/\/toukiela.com\/de\/retour-a-samdal-ri-episode-7-date-et-heure-de-sortie-annoncees\/#ARTICLES_EN_RELATION\" >VERWANDTE ARTIKEL<\/a><\/li><li class='ez-toc-page-1 ez-toc-heading-level-2'><a class=\"ez-toc-link ez-toc-heading-2\" href=\"https:\/\/toukiela.com\/de\/retour-a-samdal-ri-episode-7-date-et-heure-de-sortie-annoncees\/#Lawmen_LHistoire_de_Bass_Saison_2_Quelle_date_de_sortie_Paramount\" >Lawmen L\u2019Histoire de Bass Saison 2 : Quelle date de sortie Paramount+ ?<\/a><\/li><li class='ez-toc-page-1 ez-toc-heading-level-2'><a class=\"ez-toc-link ez-toc-heading-3\" href=\"https:\/\/toukiela.com\/de\/retour-a-samdal-ri-episode-7-date-et-heure-de-sortie-annoncees\/#Lawmen_LHistoire_de_Bass_Saison_1_Explication_de_la_fin\" >Lawmen L\u2019Histoire de Bass Saison 1 : Explication de la fin !<\/a><\/li><li class='ez-toc-page-1 ez-toc-heading-level-2'><a class=\"ez-toc-link ez-toc-heading-4\" href=\"https:\/\/toukiela.com\/de\/retour-a-samdal-ri-episode-7-date-et-heure-de-sortie-annoncees\/#Jujutsu_Kaisen_Saison_2_Episode_22_Quelle_date_et_heure_de_sortie_Crunchyroll\" >Jujutsu Kaisen Saison 2 \u00c9pisode 22 : Quelle date et heure de sortie Crunchyroll ?<\/a><\/li><li class='ez-toc-page-1 ez-toc-heading-level-2'><a class=\"ez-toc-link ez-toc-heading-5\" href=\"https:\/\/toukiela.com\/de\/retour-a-samdal-ri-episode-7-date-et-heure-de-sortie-annoncees\/#PLUS_DE_LAUTEUR\" >MEHR VOM AUTOR<\/a><\/li><\/ul><\/nav><\/div>\n<h2><span class=\"ez-toc-section\" id=\"ARTICLES_EN_RELATION\"><\/span>VERWANDTE ARTIKEL<span class=\"ez-toc-section-end\"><\/span><\/h2>\n<h2><span class=\"ez-toc-section\" id=\"Lawmen_LHistoire_de_Bass_Saison_2_Quelle_date_de_sortie_Paramount\"><\/span>Lawmen L\u2019Histoire de Bass Saison 2 : Quelle date de sortie Paramount+ ?<span class=\"ez-toc-section-end\"><\/span><\/h2>\n<p>Lawmen L\u2019Histoire de Bass est une s\u00e9rie t\u00e9l\u00e9vis\u00e9e populaire diffus\u00e9e sur Paramount+. Les fans sont impatients de conna\u00eetre la date de sortie de la deuxi\u00e8me saison de cette s\u00e9rie \u00e0 succ\u00e8s. Malheureusement, la date de sortie exacte n\u2019a pas encore \u00e9t\u00e9 annonc\u00e9e par la cha\u00eene. Cependant, les rumeurs sugg\u00e8rent que la deuxi\u00e8me saison pourrait arriver sur Paramount+ \u00e0 la fin de l\u2019ann\u00e9e prochaine. Les fans devront donc patienter un peu plus longtemps avant de retrouver leurs personnages pr\u00e9f\u00e9r\u00e9s dans de nouvelles aventures passionnantes.<\/p>\n<h2><span class=\"ez-toc-section\" id=\"Lawmen_LHistoire_de_Bass_Saison_1_Explication_de_la_fin\"><\/span>Lawmen L\u2019Histoire de Bass Saison 1 : Explication de la fin !<span class=\"ez-toc-section-end\"><\/span><\/h2>\n<p>La premi\u00e8re saison de Lawmen L\u2019Histoire de Bass a \u00e9t\u00e9 un succ\u00e8s aupr\u00e8s des t\u00e9l\u00e9spectateurs. Cependant, la fin de la saison a laiss\u00e9 de nombreux fans perplexes. Ils cherchent des r\u00e9ponses et des explications sur ce qui s\u2019est pass\u00e9 dans les derniers \u00e9pisodes. Malheureusement, il n\u2019y a pas encore d\u2019explication officielle de la part des cr\u00e9ateurs de la s\u00e9rie. Les fans devront donc sp\u00e9culer et attendre la deuxi\u00e8me saison pour obtenir des r\u00e9ponses \u00e0 leurs questions.<\/p>\n<h2><span class=\"ez-toc-section\" id=\"Jujutsu_Kaisen_Saison_2_Episode_22_Quelle_date_et_heure_de_sortie_Crunchyroll\"><\/span>Jujutsu Kaisen Saison 2 \u00c9pisode 22 : Quelle date et heure de sortie Crunchyroll ?<span class=\"ez-toc-section-end\"><\/span><\/h2>\n<p>Jujutsu Kaisen est un anime tr\u00e8s populaire diffus\u00e9 sur Crunchyroll. Les fans sont impatients de conna\u00eetre la date et l\u2019heure de sortie du 22e \u00e9pisode de la deuxi\u00e8me saison. Malheureusement, ces informations n\u2019ont pas encore \u00e9t\u00e9 annonc\u00e9es par Crunchyroll. Les fans devront donc rester \u00e0 l\u2019\u00e9coute et consulter les annonces officielles pour conna\u00eetre la date de sortie exacte de cet \u00e9pisode tr\u00e8s attendu.<\/p>\n<h2><span class=\"ez-toc-section\" id=\"PLUS_DE_LAUTEUR\"><\/span>MEHR VOM AUTOR<span class=\"ez-toc-section-end\"><\/span><\/h2>\n<p>En plus des articles en relation, l\u2019auteur a \u00e9crit de nombreux autres articles int\u00e9ressants. Vous pouvez les consulter pour d\u00e9couvrir ses autres travaux et rester inform\u00e9 des derni\u00e8res actualit\u00e9s.<\/p>","protected":false},"excerpt":{"rendered":"","protected":false},"author":1,"featured_media":8819,"comment_status":"open","ping_status":"open","sticky":false,"template":"","format":"standard","meta":{"_seopress_robots_primary_cat":"","_seopress_titles_title":"","_seopress_titles_desc":"","_seopress_robots_index":"","footnotes":""},"categories":[645],"tags":[],"class_list":["post-8817","post","type-post","status-publish","format-standard","has-post-thumbnail","hentry","category-netflix","generate-columns","tablet-grid-50","mobile-grid-100","grid-parent","grid-50"],"_links":{"self":[{"href":"https:\/\/toukiela.com\/de\/wp-json\/wp\/v2\/posts\/8817","targetHints":{"allow":["GET"]}}],"collection":[{"href":"https:\/\/toukiela.com\/de\/wp-json\/wp\/v2\/posts"}],"about":[{"href":"https:\/\/toukiela.com\/de\/wp-json\/wp\/v2\/types\/post"}],"author":[{"embeddable":true,"href":"https:\/\/toukiela.com\/de\/wp-json\/wp\/v2\/users\/1"}],"replies":[{"embeddable":true,"href":"https:\/\/toukiela.com\/de\/wp-json\/wp\/v2\/comments?post=8817"}],"version-history":[{"count":1,"href":"https:\/\/toukiela.com\/de\/wp-json\/wp\/v2\/posts\/8817\/revisions"}],"predecessor-version":[{"id":8818,"href":"https:\/\/toukiela.com\/de\/wp-json\/wp\/v2\/posts\/8817\/revisions\/8818"}],"wp:featuredmedia":[{"embeddable":true,"href":"https:\/\/toukiela.com\/de\/wp-json\/wp\/v2\/media\/8819"}],"wp:attachment":[{"href":"https:\/\/toukiela.com\/de\/wp-json\/wp\/v2\/media?parent=8817"}],"wp:term":[{"taxonomy":"category","embeddable":true,"href":"https:\/\/toukiela.com\/de\/wp-json\/wp\/v2\/categories?post=8817"},{"taxonomy":"post_tag","embeddable":true,"href":"https:\/\/toukiela.com\/de\/wp-json\/wp\/v2\/tags?post=8817"}],"curies":[{"name":"wp","href":"https:\/\/api.w.org\/{rel}","templated":true}]}}