{"id":7455,"date":"2023-11-03T11:39:42","date_gmt":"2023-11-03T09:39:42","guid":{"rendered":"https:\/\/toukiela.com\/la-police-demantele-une-operation-iptv-pirate-generant-des-millions-deuros-de-pertes-la-revendication-dune-perte-de-366-millions-deuros-devient-virale\/"},"modified":"2023-11-03T11:39:43","modified_gmt":"2023-11-03T09:39:43","slug":"la-police-demantele-une-operation-iptv-pirate-generant-des-millions-deuros-de-pertes-la-revendication-dune-perte-de-366-millions-deuros-devient-virale","status":"publish","type":"post","link":"https:\/\/toukiela.com\/de\/la-police-demantele-une-operation-iptv-pirate-generant-des-millions-deuros-de-pertes-la-revendication-dune-perte-de-366-millions-deuros-devient-virale\/","title":{"rendered":"La police d\u00e9mant\u00e8le une op\u00e9ration IPTV pirate g\u00e9n\u00e9rant des millions d&rsquo;euros de pertes &#8211; La revendication d&rsquo;une perte de 366 millions d&rsquo;euros devient virale !"},"content":{"rendered":"<p><em><\/em><\/p>\n<div id=\"ez-toc-container\" class=\"ez-toc-v2_0_82_2 counter-hierarchy ez-toc-counter ez-toc-grey ez-toc-container-direction\">\n<p class=\"ez-toc-title\" style=\"cursor:inherit\">Inhaltsverzeichnis<\/p>\n<label for=\"ez-toc-cssicon-toggle-item-69f1c42f9ffd5\" class=\"ez-toc-cssicon-toggle-label\"><span class=\"\"><span class=\"eztoc-hide\" style=\"display:none;\">Toggle<\/span><span class=\"ez-toc-icon-toggle-span\"><svg style=\"fill: #999;color:#999\" xmlns=\"http:\/\/www.w3.org\/2000\/svg\" class=\"list-377408\" width=\"20px\" height=\"20px\" viewbox=\"0 0 24 24\" fill=\"none\"><path d=\"M6 6H4v2h2V6zm14 0H8v2h12V6zM4 11h2v2H4v-2zm16 0H8v2h12v-2zM4 16h2v2H4v-2zm16 0H8v2h12v-2z\" fill=\"currentColor\"><\/path><\/svg><svg style=\"fill: #999;color:#999\" class=\"arrow-unsorted-368013\" xmlns=\"http:\/\/www.w3.org\/2000\/svg\" width=\"10px\" height=\"10px\" viewbox=\"0 0 24 24\" version=\"1.2\" baseprofile=\"tiny\"><path d=\"M18.2 9.3l-6.2-6.3-6.2 6.3c-.2.2-.3.4-.3.7s.1.5.3.7c.2.2.4.3.7.3h11c.3 0 .5-.1.7-.3.2-.2.3-.5.3-.7s-.1-.5-.3-.7zM5.8 14.7l6.2 6.3 6.2-6.3c.2-.2.3-.5.3-.7s-.1-.5-.3-.7c-.2-.2-.4-.3-.7-.3h-11c-.3 0-.5.1-.7.3-.2.2-.3.5-.3.7s.1.5.3.7z\"\/><\/svg><\/span><\/span><\/label><input type=\"checkbox\"  id=\"ez-toc-cssicon-toggle-item-69f1c42f9ffd5\"  aria-label=\"Toggle\" \/><nav><ul class='ez-toc-list ez-toc-list-level-1' ><li class='ez-toc-page-1 ez-toc-heading-level-2'><a class=\"ez-toc-link ez-toc-heading-1\" href=\"https:\/\/toukiela.com\/de\/la-police-demantele-une-operation-iptv-pirate-generant-des-millions-deuros-de-pertes-la-revendication-dune-perte-de-366-millions-deuros-devient-virale\/#Operation_reussie_contre_une_operation_IPTV_pirate_en_Espagne\" >Op\u00e9ration r\u00e9ussie contre une op\u00e9ration IPTV pirate en Espagne<\/a><\/li><li class='ez-toc-page-1 ez-toc-heading-level-2'><a class=\"ez-toc-link ez-toc-heading-2\" href=\"https:\/\/toukiela.com\/de\/la-police-demantele-une-operation-iptv-pirate-generant-des-millions-deuros-de-pertes-la-revendication-dune-perte-de-366-millions-deuros-devient-virale\/#Une_enquete_menee_depuis_lannee_derniere\" >Une enqu\u00eate men\u00e9e depuis l\u2019ann\u00e9e derni\u00e8re<\/a><\/li><li class='ez-toc-page-1 ez-toc-heading-level-2'><a class=\"ez-toc-link ez-toc-heading-3\" href=\"https:\/\/toukiela.com\/de\/la-police-demantele-une-operation-iptv-pirate-generant-des-millions-deuros-de-pertes-la-revendication-dune-perte-de-366-millions-deuros-devient-virale\/#Dommages_considerables_pour_les_ayants_droit\" >Dommages consid\u00e9rables pour les ayants droit<\/a><\/li><li class='ez-toc-page-1 ez-toc-heading-level-2'><a class=\"ez-toc-link ez-toc-heading-4\" href=\"https:\/\/toukiela.com\/de\/la-police-demantele-une-operation-iptv-pirate-generant-des-millions-deuros-de-pertes-la-revendication-dune-perte-de-366-millions-deuros-devient-virale\/#Des_calculs_rassurants\" >Des calculs rassurants<\/a><\/li><li class='ez-toc-page-1 ez-toc-heading-level-2'><a class=\"ez-toc-link ez-toc-heading-5\" href=\"https:\/\/toukiela.com\/de\/la-police-demantele-une-operation-iptv-pirate-generant-des-millions-deuros-de-pertes-la-revendication-dune-perte-de-366-millions-deuros-devient-virale\/#Deuxieme_reflexion%E2%80%A6\" >Deuxi\u00e8me r\u00e9flexion\u2026<\/a><\/li><\/ul><\/nav><\/div>\n<h2><span class=\"ez-toc-section\" id=\"Operation_reussie_contre_une_operation_IPTV_pirate_en_Espagne\"><\/span>Op\u00e9ration r\u00e9ussie contre une op\u00e9ration IPTV pirate en Espagne<span class=\"ez-toc-section-end\"><\/span><\/h2>\n<p>Les forces de l\u2019ordre espagnoles ont annonc\u00e9 aujourd\u2019hui avoir r\u00e9ussi \u00e0 d\u00e9manteler une op\u00e9ration IPTV pirate, arr\u00eat\u00e9 huit suspects et affirm\u00e9 que les ayants droit auraient subi des pertes de 366,25 millions d\u2019euros. Cette estimation a \u00e9t\u00e9 reprise par de nombreux m\u00e9dias, mais nous ne lui accordons aucune cr\u00e9dibilit\u00e9, et nous ne sommes pas les seuls. Apr\u00e8s une modification silencieuse et non r\u00e9f\u00e9renc\u00e9e, le communiqu\u00e9 de presse de la police affiche d\u00e9sormais 366 250 euros, mais le texte du gouvernement reste inchang\u00e9.<\/p>\n<h2><span class=\"ez-toc-section\" id=\"Une_enquete_menee_depuis_lannee_derniere\"><\/span>Une enqu\u00eate men\u00e9e depuis l\u2019ann\u00e9e derni\u00e8re<span class=\"ez-toc-section-end\"><\/span><\/h2>\n<p>Les autorit\u00e9s affirment avoir commenc\u00e9 \u00e0 enqu\u00eater sur cette \u00ab\u00a0organisation criminelle\u00a0\u00bb en f\u00e9vrier 2022. Les suspects auraient fourni des \u00ab\u00a0contenus multim\u00e9dias frauduleux\u00a0\u00bb via des applications IPTV install\u00e9es sur les appareils des clients, tels que des d\u00e9codeurs, des t\u00e9l\u00e9viseurs intelligents et des t\u00e9l\u00e9phones portables. Ainsi, des films, des s\u00e9ries t\u00e9l\u00e9vis\u00e9es et des \u00e9v\u00e9nements sportifs en direct \u00e9taient disponibles \u00e0 un prix bien inf\u00e9rieur \u00e0 celui du march\u00e9 l\u00e9gitime.<\/p>\n<p>La police explique que \u00ab\u00a0l\u2019organisation proposait des services ill\u00e9gaux via une soci\u00e9t\u00e9 de conseil en t\u00e9l\u00e9communications qui disposait d\u2019une solide structure marketing \u00e0 son service\u00a0\u00bb. Les membres du r\u00e9seau criminel se trouvaient dans les provinces d\u2019Alicante, de Malaga et de Valladolid, et leur r\u00f4le \u00e9tait de commercialiser des services frauduleux, en maximisant le nombre de clients potentiels tout en causant de graves pr\u00e9judices \u00e9conomiques aux principales victimes de ce type d\u2019activit\u00e9 ill\u00e9gale.<\/p>\n<p>La police a effectu\u00e9 des perquisitions dans quatre lieux en Espagne et un total de huit personnes ont \u00e9t\u00e9 arr\u00eat\u00e9es : trois \u00e0 Valladolid, trois \u00e0 Alicante, une \u00e0 Malaga et une \u00e0 S\u00e9ville. Toutes sont accus\u00e9es de crimes graves, notamment d\u2019appartenance \u00e0 une organisation criminelle et d\u2019infractions \u00e0 la propri\u00e9t\u00e9 intellectuelle. La police affirme que les suspects avaient un \u00ab\u00a0degr\u00e9 \u00e9lev\u00e9 de sp\u00e9cialisation technologique\u00a0\u00bb qui leur permettait de g\u00e9rer \u00e0 distance les clients abonn\u00e9s aux contenus audiovisuels sportifs. L\u2019ensemble de leur infrastructure informatique a \u00e9t\u00e9 d\u00e9mantel\u00e9, selon la police.<\/p>\n<h2><span class=\"ez-toc-section\" id=\"Dommages_considerables_pour_les_ayants_droit\"><\/span>Dommages consid\u00e9rables pour les ayants droit<span class=\"ez-toc-section-end\"><\/span><\/h2>\n<p>Avant de r\u00e9v\u00e9ler les pertes financi\u00e8res subies par les ayants droit l\u00e9gitimes, le communiqu\u00e9 de la police souligne que ceux qui s\u2019abonnent \u00e0 des services pirates \u00ab\u00a0participent activement aux pr\u00e9judices subis par les principales victimes de ces activit\u00e9s en entra\u00eenant une perte de profits bien connue\u00a0\u00bb. En d\u2019autres termes, les abonn\u00e9s sont en partie responsables des pertes subies par les ayants droit. \u00c0 tout point de vue, les pertes signal\u00e9es par la police ce matin sont consid\u00e9rables.<\/p>\n<blockquote>\n<p><em>\u00ab\u00a0La perte de profits bien connue\u2026 fait r\u00e9f\u00e9rence aux profits que les parties l\u00e9s\u00e9es ne re\u00e7oivent plus en raison des activit\u00e9s criminelles enqu\u00eat\u00e9es, qui peuvent \u00eatre estim\u00e9s \u00e0 366 250 000 euros.\u00a0\u00bb<\/em><\/p>\n<\/blockquote>\n<p>Toute personne famili\u00e8re des pertes li\u00e9es aux droits d\u2019auteur sait que les grands ayants droit exag\u00e8rent toujours les pertes potentielles. Cela fait toujours sensation dans les titres.<\/p>\n<p>N\u2019importe quel chiffre peut \u00eatre justifi\u00e9 avec la bonne approche et, \u00e9tant donn\u00e9 que les chiffres sont hypoth\u00e9tiques, le meilleur argument raisonnable ne produira qu\u2019un chiffre plus petit et plus ennuyeux.<\/p>\n<h2><span class=\"ez-toc-section\" id=\"Des_calculs_rassurants\"><\/span>Des calculs rassurants<span class=\"ez-toc-section-end\"><\/span><\/h2>\n<p>Il est difficile de dire si les pertes de 366 millions d\u2019euros semblaient raisonnables ou si elles ont simplement suscit\u00e9 une tr\u00e8s grande excitation ce matin. Selon des dizaines de m\u00e9dias locaux et internationaux, ce chiffre a \u00e9t\u00e9 rapport\u00e9 par la police et le gouvernement et ne n\u00e9cessite donc aucune v\u00e9rification suppl\u00e9mentaire.<\/p>\n<p>D\u2019apr\u00e8s la police, le service qui a \u00e9t\u00e9 d\u00e9mantel\u00e9 comptait 18 300 abonn\u00e9s. Ainsi, si les pertes totales s\u2019\u00e9l\u00e8vent \u00e0 366 millions d\u2019euros, chaque abonn\u00e9 a caus\u00e9 des pertes de 20 000 euros aux ayants droit. L\u2019inflation frappe \u00e0 nouveau ?<\/p>\n<h2><span class=\"ez-toc-section\" id=\"Deuxieme_reflexion%E2%80%A6\"><\/span>Deuxi\u00e8me r\u00e9flexion\u2026<span class=\"ez-toc-section-end\"><\/span><\/h2>\n<p>Les visiteurs du communiqu\u00e9 de presse publi\u00e9 sur le site Policia.es ce matin ont vu le texte tel qu\u2019il appara\u00eet sur l\u2019image ci-dessous. Ceux qui visitent le site en ce moment remarqueront que des modifications mineures mais importantes ont \u00e9t\u00e9 apport\u00e9es, comme le confirme le texte actuel \u00e0 cette URL par rapport \u00e0 la copie de ce matin telle qu\u2019elle appara\u00eet dans le cache de Google.<\/p>\n<p>Si cela \u00e9tait une r\u00e9\u00e9valuation soudaine de derni\u00e8re minute, cela soul\u00e8ve la question de savoir pourquoi le nouveau chiffre est en r\u00e9alit\u00e9 d\u00e9raisonnablement bas. S\u2019il s\u2019agissait d\u2019une simple erreur, c\u2019est un trait humain auquel nous ne pouvons \u00e9chapper ; ce que nous pouvons faire, c\u2019est l\u2019accepter et publier une correction transparente.<\/p>\n<p>Cela ne semble pas avoir \u00e9t\u00e9 fait ici et cela pose d\u00e9j\u00e0 d\u2019importants probl\u00e8mes. Actuellement, la v\u00e9rit\u00e9 ne peut \u00eatre trouv\u00e9e que dans une modification invisible. Les m\u00e9dias, quant \u00e0 eux, ont simplement publi\u00e9 ce qu\u2019ils ont re\u00e7u, probablement en se basant en partie sur la confiance.<\/p>\n<p>Si la grande perte n\u2019est pas d\u00e9j\u00e0 un fait sur Wikip\u00e9dia, elle le sera bient\u00f4t. \u00c0 partir de l\u00e0, tout peut arriver, et probablement arrivera. Le minist\u00e8re de l\u2019Int\u00e9rieur, quant \u00e0 lui, n\u2019a pas encore chang\u00e9 d\u2019avis.<\/p>","protected":false},"excerpt":{"rendered":"","protected":false},"author":1,"featured_media":7457,"comment_status":"open","ping_status":"open","sticky":false,"template":"","format":"standard","meta":{"_seopress_robots_primary_cat":"","_seopress_titles_title":"","_seopress_titles_desc":"","_seopress_robots_index":"","footnotes":""},"categories":[586],"tags":[],"class_list":["post-7455","post","type-post","status-publish","format-standard","has-post-thumbnail","hentry","category-actu-tech","generate-columns","tablet-grid-50","mobile-grid-100","grid-parent","grid-50"],"_links":{"self":[{"href":"https:\/\/toukiela.com\/de\/wp-json\/wp\/v2\/posts\/7455","targetHints":{"allow":["GET"]}}],"collection":[{"href":"https:\/\/toukiela.com\/de\/wp-json\/wp\/v2\/posts"}],"about":[{"href":"https:\/\/toukiela.com\/de\/wp-json\/wp\/v2\/types\/post"}],"author":[{"embeddable":true,"href":"https:\/\/toukiela.com\/de\/wp-json\/wp\/v2\/users\/1"}],"replies":[{"embeddable":true,"href":"https:\/\/toukiela.com\/de\/wp-json\/wp\/v2\/comments?post=7455"}],"version-history":[{"count":1,"href":"https:\/\/toukiela.com\/de\/wp-json\/wp\/v2\/posts\/7455\/revisions"}],"predecessor-version":[{"id":7456,"href":"https:\/\/toukiela.com\/de\/wp-json\/wp\/v2\/posts\/7455\/revisions\/7456"}],"wp:featuredmedia":[{"embeddable":true,"href":"https:\/\/toukiela.com\/de\/wp-json\/wp\/v2\/media\/7457"}],"wp:attachment":[{"href":"https:\/\/toukiela.com\/de\/wp-json\/wp\/v2\/media?parent=7455"}],"wp:term":[{"taxonomy":"category","embeddable":true,"href":"https:\/\/toukiela.com\/de\/wp-json\/wp\/v2\/categories?post=7455"},{"taxonomy":"post_tag","embeddable":true,"href":"https:\/\/toukiela.com\/de\/wp-json\/wp\/v2\/tags?post=7455"}],"curies":[{"name":"wp","href":"https:\/\/api.w.org\/{rel}","templated":true}]}}