{"id":7382,"date":"2023-11-01T07:02:30","date_gmt":"2023-11-01T05:02:30","guid":{"rendered":"https:\/\/toukiela.com\/episode-10-du-winter-king-quand-sera-t-il-diffuse\/"},"modified":"2023-11-01T07:02:32","modified_gmt":"2023-11-01T05:02:32","slug":"episode-10-du-winter-king-quand-sera-t-il-diffuse","status":"publish","type":"post","link":"https:\/\/toukiela.com\/de\/episode-10-du-winter-king-quand-sera-t-il-diffuse\/","title":{"rendered":"\u00c9pisode 10 du Winter King : Quand sera-t-il diffus\u00e9 ?"},"content":{"rendered":"<p><em><\/em><\/p>\n<p> Vous \u00eates fan de la s\u00e9rie The Winter King et vous tr\u00e9pignez d\u2019impatience \u00e0 l\u2019id\u00e9e de d\u00e9couvrir le d\u00e9nouement de son dixi\u00e8me \u00e9pisode ? J\u2019ai toutes les informations qu\u2019il vous faut ! De la date de sortie, \u00e0 l\u2019heure de diffusion, en passant par quelques r\u00e9v\u00e9lations croustillantes sur l\u2019intrigue, je vais vous dire tout ce que vous devez savoir sur le prochain \u00e9pisode de votre s\u00e9rie pr\u00e9f\u00e9r\u00e9e. <\/p>\n<h2> Les d\u00e9tails du d\u00e9nouement de l\u2019\u00e9pisode 9 de The Winter King <\/h2>\n<p> Derfel, intrigu\u00e9 par l\u2019\u00e9trange maladie qui frappe les b\u00fbcherons, dont certains sont d\u00e9c\u00e9d\u00e9s suite \u00e0 la mal\u00e9diction de Nimue, d\u00e9cide d\u2019aller \u00e0 la rencontre de ce groupe. Il s\u2019interroge sur le fait que seule cette cat\u00e9gorie de personnes semble \u00eatre touch\u00e9e par ce mal. Une fois arriv\u00e9 dans la for\u00eat o\u00f9 les b\u00fbcherons passent la plupart de leur temps, Derfel d\u00e9couvre une tout autre cause \u00e0 leur maladie. <\/p>\n<p> En effet, l\u2019eau qu\u2019ils consomment est contamin\u00e9e par le cadavre en d\u00e9composition d\u2019un animal. C\u2019est cette infection qui serait \u00e0 l\u2019origine de la maladie et des d\u00e9c\u00e8s. Suite \u00e0 cette d\u00e9couverte, Derfel confronte Arthur et lui demande des explications sur l\u2019endroit o\u00f9 se trouve Nimue. Arthur admet son erreur de jugement, car il \u00e9tait difficile pour lui d\u2019\u00e9valuer la situation \u00e0 l\u2019\u00e9poque, d\u2019autant plus que Nimue n\u2019a jamais ni\u00e9 \u00eatre \u00e0 l\u2019origine de la mort des catholiques. <\/p>\n<p> Convaincu de sa culpabilit\u00e9, Arthur a banni Nimue \u00e0 l\u2019\u00cele des Morts, un lieu myst\u00e9rieux dont personne ne revient jamais. Derfel, furieux et bless\u00e9 que Arthur ait fait plus confiance \u00e0 Sansum qu\u2019\u00e0 Nimue, refuse de continuer \u00e0 combattre \u00e0 ses c\u00f4t\u00e9s contre Gorfydd et d\u00e9cide de partir. <\/p>\n<p> Le lendemain, alors qu\u2019Arthur pr\u00e9pare ses guerriers pour aller affronter Aelle, Derfel est aper\u00e7u chevauchant en direction de l\u2019\u00cele des Morts, dans une tentative d\u00e9sesp\u00e9r\u00e9e pour sauver Nimue. Il est temps maintenant de vous r\u00e9v\u00e9ler <strong> toutes les informations relatives \u00e0 la sortie de l\u2019\u00e9pisode 10 de The Winter King <\/strong>. <\/p>\n<h2> Quand pourrez-vous d\u00e9couvrir l\u2019\u00e9pisode 10 de The Winter King ? <\/h2>\n<p> Plus besoin de ronger votre frein, la <strong> date de sortie de l\u2019\u00e9pisode 10 de The Winter King <\/strong> a \u00e9t\u00e9 fix\u00e9e au 5 novembre 2023. Et pour les plus impatients d\u2019entre vous, sachez que <strong> l\u2019\u00e9pisode 10 de The Winter King <\/strong> sera diffus\u00e9 \u00e0 21h aux \u00c9tats-Unis. <\/p>\n<h2> Que r\u00e9serve l\u2019avenir \u00e0 nos protagonistes ? <\/h2>\n<p> Le th\u00e8me central de <strong> The Winter King <\/strong> est d\u00e9sormais clairement l\u2019alliance avec les Saxons. En effet, Arthur doit \u00e9galement faire \u00e9quipe avec ses ennemis pour des raisons politiques. M\u00eame s\u2019il avait initialement l\u2019intention de chasser les Saxons de ses terres, il doit maintenant envisager une alliance avec eux. <\/p>\n<p> La question reste de savoir si les prochains \u00e9pisodes seront marqu\u00e9s par des batailles ou des guerres, ou si ces \u00e9l\u00e9ments seront report\u00e9s \u00e0 la saison suivante. La situation de Nimue, ainsi que celle de Derfel et Merlin, pourrait \u00e9galement \u00eatre abord\u00e9e dans <strong> l\u2019\u00e9pisode 10 de The Winter King <\/strong>. Bien que la s\u00e9rie ait d\u00e9j\u00e0 \u00e9voqu\u00e9 la magie et le surnaturel, ces th\u00e8mes n\u2019ont pas encore \u00e9t\u00e9 v\u00e9ritablement explor\u00e9s. Il serait donc int\u00e9ressant de voir si de tels \u00e9l\u00e9ments seront int\u00e9gr\u00e9s dans <strong> l\u2019\u00e9pisode 10 de The Winter King <\/strong>. <\/p>","protected":false},"excerpt":{"rendered":"","protected":false},"author":1,"featured_media":7384,"comment_status":"open","ping_status":"open","sticky":false,"template":"","format":"standard","meta":{"_seopress_robots_primary_cat":"","_seopress_titles_title":"","_seopress_titles_desc":"","_seopress_robots_index":"","footnotes":""},"categories":[644],"tags":[],"class_list":["post-7382","post","type-post","status-publish","format-standard","has-post-thumbnail","hentry","category-series","generate-columns","tablet-grid-50","mobile-grid-100","grid-parent","grid-50"],"_links":{"self":[{"href":"https:\/\/toukiela.com\/de\/wp-json\/wp\/v2\/posts\/7382","targetHints":{"allow":["GET"]}}],"collection":[{"href":"https:\/\/toukiela.com\/de\/wp-json\/wp\/v2\/posts"}],"about":[{"href":"https:\/\/toukiela.com\/de\/wp-json\/wp\/v2\/types\/post"}],"author":[{"embeddable":true,"href":"https:\/\/toukiela.com\/de\/wp-json\/wp\/v2\/users\/1"}],"replies":[{"embeddable":true,"href":"https:\/\/toukiela.com\/de\/wp-json\/wp\/v2\/comments?post=7382"}],"version-history":[{"count":1,"href":"https:\/\/toukiela.com\/de\/wp-json\/wp\/v2\/posts\/7382\/revisions"}],"predecessor-version":[{"id":7383,"href":"https:\/\/toukiela.com\/de\/wp-json\/wp\/v2\/posts\/7382\/revisions\/7383"}],"wp:featuredmedia":[{"embeddable":true,"href":"https:\/\/toukiela.com\/de\/wp-json\/wp\/v2\/media\/7384"}],"wp:attachment":[{"href":"https:\/\/toukiela.com\/de\/wp-json\/wp\/v2\/media?parent=7382"}],"wp:term":[{"taxonomy":"category","embeddable":true,"href":"https:\/\/toukiela.com\/de\/wp-json\/wp\/v2\/categories?post=7382"},{"taxonomy":"post_tag","embeddable":true,"href":"https:\/\/toukiela.com\/de\/wp-json\/wp\/v2\/tags?post=7382"}],"curies":[{"name":"wp","href":"https:\/\/api.w.org\/{rel}","templated":true}]}}