{"id":7131,"date":"2023-10-23T18:04:46","date_gmt":"2023-10-23T16:04:46","guid":{"rendered":"https:\/\/toukiela.com\/la-nouvelle-unite-de-police-dediee-ciblera-les-revendeurs-de-iptv-pirate-suite-a-la-demande-de-sky-au-gouvernement\/"},"modified":"2023-10-23T18:04:47","modified_gmt":"2023-10-23T16:04:47","slug":"la-nouvelle-unite-de-police-dediee-ciblera-les-revendeurs-de-iptv-pirate-suite-a-la-demande-de-sky-au-gouvernement","status":"publish","type":"post","link":"https:\/\/toukiela.com\/de\/la-nouvelle-unite-de-police-dediee-ciblera-les-revendeurs-de-iptv-pirate-suite-a-la-demande-de-sky-au-gouvernement\/","title":{"rendered":"La nouvelle unit\u00e9 de police d\u00e9di\u00e9e ciblera les revendeurs de IPTV pirate, suite \u00e0 la demande de Sky au gouvernement !"},"content":{"rendered":"<p><em><\/em><\/p>\n<div id=\"ez-toc-container\" class=\"ez-toc-v2_0_82_2 counter-hierarchy ez-toc-counter ez-toc-grey ez-toc-container-direction\">\n<p class=\"ez-toc-title\" style=\"cursor:inherit\">Inhaltsverzeichnis<\/p>\n<label for=\"ez-toc-cssicon-toggle-item-69f1c59ad3abc\" class=\"ez-toc-cssicon-toggle-label\"><span class=\"\"><span class=\"eztoc-hide\" style=\"display:none;\">Toggle<\/span><span class=\"ez-toc-icon-toggle-span\"><svg style=\"fill: #999;color:#999\" xmlns=\"http:\/\/www.w3.org\/2000\/svg\" class=\"list-377408\" width=\"20px\" height=\"20px\" viewbox=\"0 0 24 24\" fill=\"none\"><path d=\"M6 6H4v2h2V6zm14 0H8v2h12V6zM4 11h2v2H4v-2zm16 0H8v2h12v-2zM4 16h2v2H4v-2zm16 0H8v2h12v-2z\" fill=\"currentColor\"><\/path><\/svg><svg style=\"fill: #999;color:#999\" class=\"arrow-unsorted-368013\" xmlns=\"http:\/\/www.w3.org\/2000\/svg\" width=\"10px\" height=\"10px\" viewbox=\"0 0 24 24\" version=\"1.2\" baseprofile=\"tiny\"><path d=\"M18.2 9.3l-6.2-6.3-6.2 6.3c-.2.2-.3.4-.3.7s.1.5.3.7c.2.2.4.3.7.3h11c.3 0 .5-.1.7-.3.2-.2.3-.5.3-.7s-.1-.5-.3-.7zM5.8 14.7l6.2 6.3 6.2-6.3c.2-.2.3-.5.3-.7s-.1-.5-.3-.7c-.2-.2-.4-.3-.7-.3h-11c-.3 0-.5.1-.7.3-.2.2-.3.5-.3.7s.1.5.3.7z\"\/><\/svg><\/span><\/span><\/label><input type=\"checkbox\"  id=\"ez-toc-cssicon-toggle-item-69f1c59ad3abc\"  aria-label=\"Toggle\" \/><nav><ul class='ez-toc-list ez-toc-list-level-1' ><li class='ez-toc-page-1 ez-toc-heading-level-2'><a class=\"ez-toc-link ez-toc-heading-1\" href=\"https:\/\/toukiela.com\/de\/la-nouvelle-unite-de-police-dediee-ciblera-les-revendeurs-de-iptv-pirate-suite-a-la-demande-de-sky-au-gouvernement\/#Sky_et_les_forces_de_police_sassocient_pour_lutter_contre_le_piratage_IPTV\" >Sky et les forces de police s\u2019associent pour lutter contre le piratage IPTV<\/a><\/li><li class='ez-toc-page-1 ez-toc-heading-level-2'><a class=\"ez-toc-link ez-toc-heading-2\" href=\"https:\/\/toukiela.com\/de\/la-nouvelle-unite-de-police-dediee-ciblera-les-revendeurs-de-iptv-pirate-suite-a-la-demande-de-sky-au-gouvernement\/#Le_PDG_de_Sky_Ireland_rencontre_le_ministre_de_lEntreprise\" >Le PDG de Sky Ireland rencontre le ministre de l\u2019Entreprise<\/a><\/li><li class='ez-toc-page-1 ez-toc-heading-level-2'><a class=\"ez-toc-link ez-toc-heading-3\" href=\"https:\/\/toukiela.com\/de\/la-nouvelle-unite-de-police-dediee-ciblera-les-revendeurs-de-iptv-pirate-suite-a-la-demande-de-sky-au-gouvernement\/#Sky_fait_un_suivi_sur_la_discussion_sur_le_piratage\" >Sky fait un suivi sur la discussion sur le piratage<\/a><\/li><li class='ez-toc-page-1 ez-toc-heading-level-2'><a class=\"ez-toc-link ez-toc-heading-4\" href=\"https:\/\/toukiela.com\/de\/la-nouvelle-unite-de-police-dediee-ciblera-les-revendeurs-de-iptv-pirate-suite-a-la-demande-de-sky-au-gouvernement\/#La_Garda_Siochaena_travaille_deja_avec_lindustrie\" >La Garda Sioch\u00e4na travaille d\u00e9j\u00e0 avec l\u2019industrie<\/a><\/li><\/ul><\/nav><\/div>\n<h2><span class=\"ez-toc-section\" id=\"Sky_et_les_forces_de_police_sassocient_pour_lutter_contre_le_piratage_IPTV\"><\/span>Sky et les forces de police s\u2019associent pour lutter contre le piratage IPTV<span class=\"ez-toc-section-end\"><\/span><\/h2>\n<p>Alors que la prolif\u00e9ration continue des abonnements IPTV pirates bon march\u00e9 mais ill\u00e9gaux pose probl\u00e8me \u00e0 Sky, l\u2019engagement du diffuseur avec les gouvernements sugg\u00e8re que l\u2019allocation de ressources publiques de lutte contre la criminalit\u00e9 rendrait les choses plus g\u00e9rables.<\/p>\n<p>Un partenariat public-priv\u00e9 entre Sky et les forces de police \u00e0 travers l\u2019Angleterre a permis de d\u00e9ployer d\u2019importantes ressources pour s\u2019attaquer aux divers acteurs de l\u2019\u00e9cosyst\u00e8me IPTV. Sky fournit aux forces de police des informations et des preuves \u00e0 l\u2019appui, et si tout se d\u00e9roule comme pr\u00e9vu, les suspects sont arr\u00eat\u00e9s et trait\u00e9s par le syst\u00e8me judiciaire p\u00e9nal.<\/p>\n<p>Ces arrestations sont souvent m\u00e9diatis\u00e9es par la police, ce qui renforce la communication publique de Sky ; la campagne \u00ab\u00a0BeStreamWise\u00a0\u00bb actuellement visible sur les panneaux d\u2019affichage en Irlande en est un exemple concret.<\/p>\n<p><\/p><center><em>Panneau d\u2019affichage photographi\u00e9 en Irlande par un utilisateur de Reddit<\/em><noscript><\/noscript><\/center>\n<p>Un rapport publi\u00e9 hier par l\u2019Irish Independent sugg\u00e8re qu\u2019apr\u00e8s avoir convaincu les autorit\u00e9s anglaises d\u2019allouer des ressources de maintien de l\u2019ordre, Sky souhaiterait que le gouvernement irlandais fasse de m\u00eame.<\/p>\n<h2><span class=\"ez-toc-section\" id=\"Le_PDG_de_Sky_Ireland_rencontre_le_ministre_de_lEntreprise\"><\/span>Le PDG de Sky Ireland rencontre le ministre de l\u2019Entreprise<span class=\"ez-toc-section-end\"><\/span><\/h2>\n<p>Le rapport de l\u2019Irish Independent cite une correspondance r\u00e9v\u00e9lant une r\u00e9union en mai dernier entre le PDG de Sky Ireland, JD Buckley, et le ministre de l\u2019Entreprise, Simon Coveney.<\/p>\n<p>Outre les probl\u00e8mes commerciaux li\u00e9s au Brexit et au droit de l\u2019UE, Sky aurait demand\u00e9 au gouvernement de mettre en place une \u00ab\u00a0unit\u00e9 antipiratage sp\u00e9cialis\u00e9e\u00a0\u00bb (en r\u00e9f\u00e9rence au service national de police et de s\u00e9curit\u00e9 de l\u2019Irlande) pour s\u2019attaquer au march\u00e9 illicite des abonnements\/appareils IPTV pirates, commun\u00e9ment appel\u00e9s \u00ab\u00a0dodgy boxes\u00a0\u00bb.<\/p>\n<p>Les d\u00e9tails sur qui a demand\u00e9 la r\u00e9union et o\u00f9 elle a eu lieu ne sont pas mentionn\u00e9s dans le rapport. Cependant, les archives publiques r\u00e9v\u00e8lent que le ministre Coveney s\u2019est rendu aux bureaux de Sky il y a cinq mois, o\u00f9 il a eu une r\u00e9union avec M. Buckley et Stephen van Rooyen, PDG de Sky UK et Irlande et directeur commercial du groupe.<\/p>\n<p>Un post public sur LinkedIn remercie le ministre Coveney d\u2019avoir visit\u00e9 les bureaux de Sky, o\u00f9 \u00ab\u00a0un certain nombre de priorit\u00e9s de Sky pour l\u2019ann\u00e9e \u00e0 venir\u00a0\u00bb ont \u00e9t\u00e9 discut\u00e9es.<\/p>\n<h2><span class=\"ez-toc-section\" id=\"Sky_fait_un_suivi_sur_la_discussion_sur_le_piratage\"><\/span>Sky fait un suivi sur la discussion sur le piratage<span class=\"ez-toc-section-end\"><\/span><\/h2>\n<p>Comment l\u2019Irish Independent a pu consulter la correspondance n\u2019est pas clair, mais les propositions elles-m\u00eames sont pr\u00e9sent\u00e9es de mani\u00e8re d\u00e9taill\u00e9e. Il semble que Sky souhaite s\u2019attaquer aux revendeurs d\u2019abonnements IPTV, c\u2019est-\u00e0-dire aux personnes qui sont le plus souvent en contact direct avec le public.<\/p>\n<p>\u00ab\u00a0Il y a des dizaines de revendeurs de ce type \u00e0 travers l\u2019Irlande et ce sont ces cas que nous voulons vraiment cibler, car l\u2019\u00e9limination de ces fournisseurs importants causera des perturbations significatives et mettra en \u00e9vidence pour les utilisateurs finaux les risques et l\u2019ill\u00e9galit\u00e9 du piratage\u00a0\u00bb, a d\u00e9clar\u00e9 M. Buckley.<\/p>\n<p>\u00ab\u00a0Je vous serais reconnaissant de bien vouloir parler \u00e0 votre coll\u00e8gue du cabinet du minist\u00e8re de la Justice pour voir si le financement de cette initiative est possible. Nous sommes bien s\u00fbr disponibles chez Sky pour discuter de la mani\u00e8re dont nous pouvons soutenir cet objectif.\u00a0\u00bb<\/p>\n<p>Le minist\u00e8re de la Justice a d\u00e9clar\u00e9 qu\u2019il n\u2019avait \u00ab\u00a0aucun engagement\u00a0\u00bb concernant les questions soulev\u00e9es par Sky, rapporte l\u2019Irish Independent, et que le d\u00e9ploiement des ressources de la garda \u00e9tait une affaire relevant du commissaire de la garda, Drew Harris. Pour des raisons ind\u00e9pendantes, Harris a actuellement d\u2019autres pr\u00e9occupations en t\u00eate.<\/p>\n<p>Un rapport de RTE publi\u00e9 hier r\u00e9v\u00e8le qu\u2019un nombre croissant de garda\u00efs d\u00e9missionnent de leur poste en raison de \u00ab\u00a0la faible moralit\u00e9, du harc\u00e8lement, du traitement injuste et du stress li\u00e9 au travail\u00a0\u00bb. RTE rapporte que jusqu\u2019\u00e0 pr\u00e9sent cette ann\u00e9e, 106 garda\u00efs ont quitt\u00e9 leur emploi, un chiffre qui correspond aux d\u00e9parts pour l\u2019ensemble de l\u2019ann\u00e9e 2022.<\/p>\n<h2><span class=\"ez-toc-section\" id=\"La_Garda_Siochaena_travaille_deja_avec_lindustrie\"><\/span>La Garda Sioch\u00e4na travaille d\u00e9j\u00e0 avec l\u2019industrie<span class=\"ez-toc-section-end\"><\/span><\/h2>\n<p>Dans une d\u00e9claration, la Garda S\u00edoch\u00e1na, la police nationale et le service de s\u00e9curit\u00e9 de l\u2019Irlande, a d\u00e9clar\u00e9 qu\u2019elle travaille d\u00e9j\u00e0 avec l\u2019industrie et les fournisseurs de services pour lutter contre la diffusion illicite, notant que les infractions de blanchiment d\u2019argent et le gel des comptes font partie de leur travail.<\/p>\n<p>En mars dernier, par exemple, des avertissements ont \u00e9t\u00e9 lanc\u00e9s aux personnes soup\u00e7onn\u00e9es de fournir un acc\u00e8s \u00e0 des flux illicites dans les comt\u00e9s de Mayo, Limerick, Meath, Offaly, Dublin, Wexford, Cork, Wicklow, Tipperary, Kilkenny, Kildare et Donegal.<\/p>\n<p>Cette op\u00e9ration semble \u00e9galement s\u2019\u00eatre concentr\u00e9e sur les revendeurs d\u2019abonnements IPTV, ce qui fait que, du moins en apparence, Sky semble chercher \u00e0 obtenir des ressources de maintien de l\u2019ordre pour faire plus de la m\u00eame chose.<\/p>\n<p>Les revendeurs sont un \u00e9l\u00e9ment important de l\u2019\u00e9cosyst\u00e8me IPTV pirate. Ils fournissent un grand nombre d\u2019abonnements au public et, dans certains cas, \u00e0 des revendeurs de niveau inf\u00e9rieur. Toutefois, dans la plupart des cas, ils se trouvent au moins \u00e0 une \u00e9tape, voire plusieurs \u00e9tapes, de ceux qui fournissent r\u00e9ellement les flux. En termes simples, cette strat\u00e9gie vise les \u00ab\u00a0entrep\u00f4ts\u00a0\u00bb pour emp\u00eacher les approvisionnements d\u2019atteindre l\u2019extr\u00e9mit\u00e9 \u00ab\u00a0commerciale\u00a0\u00bb du march\u00e9, mais elle ne fait gu\u00e8re pour mettre fin \u00e0 l\u2019approvisionnement en flux.<\/p>\n<p>Cela \u00e9tant dit, les revendeurs peuvent \u00e9galement poss\u00e9der un type de \u00ab\u00a0propri\u00e9t\u00e9 intellectuelle\u00a0\u00bb diff\u00e9rent consid\u00e9r\u00e9 comme particuli\u00e8rement utile aux d\u00e9tenteurs de droits. Et qui mieux que ceux qui ont le pouvoir d\u2019arr\u00eater pourraient extraire ces informations propri\u00e9taires, avec le soutien direct de ceux qui tirent finalement les ficelles.<\/p>","protected":false},"excerpt":{"rendered":"","protected":false},"author":1,"featured_media":7133,"comment_status":"open","ping_status":"open","sticky":false,"template":"","format":"standard","meta":{"_seopress_robots_primary_cat":"","_seopress_titles_title":"","_seopress_titles_desc":"","_seopress_robots_index":"","footnotes":""},"categories":[586],"tags":[],"class_list":["post-7131","post","type-post","status-publish","format-standard","has-post-thumbnail","hentry","category-actu-tech","generate-columns","tablet-grid-50","mobile-grid-100","grid-parent","grid-50"],"_links":{"self":[{"href":"https:\/\/toukiela.com\/de\/wp-json\/wp\/v2\/posts\/7131","targetHints":{"allow":["GET"]}}],"collection":[{"href":"https:\/\/toukiela.com\/de\/wp-json\/wp\/v2\/posts"}],"about":[{"href":"https:\/\/toukiela.com\/de\/wp-json\/wp\/v2\/types\/post"}],"author":[{"embeddable":true,"href":"https:\/\/toukiela.com\/de\/wp-json\/wp\/v2\/users\/1"}],"replies":[{"embeddable":true,"href":"https:\/\/toukiela.com\/de\/wp-json\/wp\/v2\/comments?post=7131"}],"version-history":[{"count":1,"href":"https:\/\/toukiela.com\/de\/wp-json\/wp\/v2\/posts\/7131\/revisions"}],"predecessor-version":[{"id":7132,"href":"https:\/\/toukiela.com\/de\/wp-json\/wp\/v2\/posts\/7131\/revisions\/7132"}],"wp:featuredmedia":[{"embeddable":true,"href":"https:\/\/toukiela.com\/de\/wp-json\/wp\/v2\/media\/7133"}],"wp:attachment":[{"href":"https:\/\/toukiela.com\/de\/wp-json\/wp\/v2\/media?parent=7131"}],"wp:term":[{"taxonomy":"category","embeddable":true,"href":"https:\/\/toukiela.com\/de\/wp-json\/wp\/v2\/categories?post=7131"},{"taxonomy":"post_tag","embeddable":true,"href":"https:\/\/toukiela.com\/de\/wp-json\/wp\/v2\/tags?post=7131"}],"curies":[{"name":"wp","href":"https:\/\/api.w.org\/{rel}","templated":true}]}}