{"id":7048,"date":"2023-10-21T07:01:08","date_gmt":"2023-10-21T05:01:08","guid":{"rendered":"https:\/\/toukiela.com\/elite-saison-7-qui-a-ete-tue-qui-est-le-coupable\/"},"modified":"2023-10-21T07:01:10","modified_gmt":"2023-10-21T05:01:10","slug":"elite-saison-7-qui-a-ete-tue-qui-est-le-coupable","status":"publish","type":"post","link":"https:\/\/toukiela.com\/de\/elite-saison-7-qui-a-ete-tue-qui-est-le-coupable\/","title":{"rendered":"\u00c9lite Saison 7 : Qui a \u00e9t\u00e9 tu\u00e9 ? Qui est le coupable ?"},"content":{"rendered":"<p><em><\/em><\/p>\n<p>Vous \u00eates fan de la s\u00e9rie Netflix \u00c9lite et vous \u00eates curieux de savoir qui ne survivra pas \u00e0 la saison 7 ? Vous \u00eates au bon endroit ! Dans cet article, nous allons d\u00e9voiler le sort tragique d\u2019un personnage embl\u00e9matique de la saison. Alors attention, cet article est bourr\u00e9 de spoilers !<\/p>\n<h2>Le r\u00e9sum\u00e9 de la saison 7 d\u2019\u00c9lite<\/h2>\n<p><strong>\u00c9lite, la s\u00e9rie espagnole \u00e0 succ\u00e8s de Netflix<\/strong>, continue de captiver les spectateurs avec sa septi\u00e8me saison. Dans cette nouvelle s\u00e9rie d\u2019\u00e9pisodes, nous assistons \u00e0 des relations complexes, des intrigues palpitantes et, bien s\u00fbr, un drame intense.<\/p>\n<p>Notamment, Didac est menac\u00e9 d\u2019expulsion de l\u2019\u00e9cole en raison de son implication dans une fusillade qui s\u2019est produite \u00e0 l\u2019ext\u00e9rieur du campus. Cependant, Luis, le nouveau directeur acad\u00e9mique, fait campagne pour que Didac reste \u00e0 l\u2019\u00e9cole, affirmant qu\u2019il a une influence positive sur Nico.<\/p>\n<p>Par ailleurs, Ivan revient \u00e0 Las Encinas apr\u00e8s avoir commis un d\u00e9lit de fuite. Solitaire sans la pr\u00e9sence de Patrick, il se lie rapidement d\u2019amiti\u00e9 avec un livreur nomm\u00e9 Joel. Ivan va m\u00eame jusqu\u2019\u00e0 payer les frais de scolarit\u00e9 de Joel pour qu\u2019ils puissent passer plus de temps ensemble. Cependant, Ivan ignore que Joel est en couple avec Omar.<\/p>\n<p>Mais comme dans chaque saison d\u2019\u00c9lite, la saison 7 se termine par une r\u00e9v\u00e9lation choquante : un personnage embl\u00e9matique de la s\u00e9rie est mort ! Alors, qui est-ce ?<\/p>\n<h2>La r\u00e9v\u00e9lation choquante : qui a perdu la vie dans la saison 7 d\u2019\u00c9lite ?<\/h2>\n<p>\u00c0 la fin de la saison 7 d\u2019\u00c9lite, nous d\u00e9couvrons que Did\u00e1c a collabor\u00e9 avec la police. Celle-ci suspecte les deux familles d\u2019Isadora d\u2019avoir commis des crimes en association avec Catalina, la m\u00e8re de Roc\u00edo. Le p\u00e8re d\u2019Isadora tente m\u00eame de provoquer la mort de Catalina. Cependant, gr\u00e2ce \u00e0 Isadora qui l\u2019oblige \u00e0 avouer ses crimes lors d\u2019une conversation enregistr\u00e9e, la police intervient \u00e0 temps et personne ne meurt.<\/p>\n<p>Alors, <strong>qui est mort dans la saison 7 d\u2019\u00c9lite ?<\/strong> Le personnage qui perd tragiquement la vie est Ra\u00fal. Apr\u00e8s avoir \u00e9t\u00e9 violent envers Chlo\u00e9 lorsqu\u2019elle d\u00e9couvre qu\u2019il a une liaison avec Sara, Carmen se rend chez lui pour prot\u00e9ger sa fille. Dans la lutte qui s\u2019ensuit, Ra\u00fal tente d\u2019\u00e9trangler Carmen sur le balcon de son appartement. Pour se d\u00e9fendre, Carmen le repousse du balcon, causant sa mort.<\/p>\n<p>Pour cacher le meurtre, Carmen et Chlo\u00e9 font passer la mort de Ra\u00fal pour un suicide et se servent l\u2019une de l\u2019autre comme alibis. Cependant, la fin de la saison 7 d\u2019\u00c9lite r\u00e9v\u00e8le que Dalmar, le colocataire de Joel et Omar, a film\u00e9 Carmen en train de pousser Ra\u00fal. Va-t-il r\u00e9v\u00e9ler la v\u00e9rit\u00e9 \u00e0 la police ?<\/p>\n<h2>Que nous r\u00e9serve la saison 8 d\u2019\u00c9lite ?<\/h2>\n<p>Outre la mort tragique de Ra\u00fal, la fin de la saison 7 d\u2019\u00c9lite donne \u00e9galement un aper\u00e7u de l\u2019avenir des personnages. Ivan, par exemple, d\u00e9cide de poursuivre son programme d\u2019\u00e9change en Afrique du Sud et invite Joel \u00e0 le rejoindre en tant que petit ami. Cependant, Joel refuse et d\u00e9cide de voler de ses propres ailes. Il met fin \u00e0 sa relation avec Omar, qui d\u00e9cide de retourner en th\u00e9rapie pour g\u00e9rer le stress caus\u00e9 par la mort de Samuel.<\/p>\n<p>Dans la saison 8, il est probable que l\u2019histoire de Carmen et la mort de Ra\u00fal seront au centre des intrigues. De plus, avec le retour d\u2019Iv\u00e1n, il est possible que sa relation avec Joel ne soit pas encore termin\u00e9e. Nadia, la s\u0153ur d\u2019Omar, devrait \u00e9galement revenir et Iv\u00e1n doit encore d\u00e9couvrir qui l\u2019a renvers\u00e9.<\/p>\n<p>En r\u00e9sum\u00e9, la saison 7 d\u2019\u00c9lite a \u00e9t\u00e9 riche en \u00e9motions et en rebondissements. Nous sommes impatients de voir comment ces intrigues se d\u00e9rouleront dans la saison 8 !<\/p>\n<p>Alors, \u00eates-vous aussi impatient que nous de d\u00e9couvrir la suite des aventures des \u00e9l\u00e8ves de Las Encinas ? Restez \u00e0 l\u2019\u00e9coute sur Toukiela pour plus d\u2019informations sur la saison 8 d\u2019\u00c9lite !<\/p>","protected":false},"excerpt":{"rendered":"","protected":false},"author":1,"featured_media":7050,"comment_status":"open","ping_status":"open","sticky":false,"template":"","format":"standard","meta":{"_seopress_robots_primary_cat":"","_seopress_titles_title":"","_seopress_titles_desc":"","_seopress_robots_index":"","footnotes":""},"categories":[644],"tags":[],"class_list":["post-7048","post","type-post","status-publish","format-standard","has-post-thumbnail","hentry","category-series","generate-columns","tablet-grid-50","mobile-grid-100","grid-parent","grid-50"],"_links":{"self":[{"href":"https:\/\/toukiela.com\/de\/wp-json\/wp\/v2\/posts\/7048","targetHints":{"allow":["GET"]}}],"collection":[{"href":"https:\/\/toukiela.com\/de\/wp-json\/wp\/v2\/posts"}],"about":[{"href":"https:\/\/toukiela.com\/de\/wp-json\/wp\/v2\/types\/post"}],"author":[{"embeddable":true,"href":"https:\/\/toukiela.com\/de\/wp-json\/wp\/v2\/users\/1"}],"replies":[{"embeddable":true,"href":"https:\/\/toukiela.com\/de\/wp-json\/wp\/v2\/comments?post=7048"}],"version-history":[{"count":1,"href":"https:\/\/toukiela.com\/de\/wp-json\/wp\/v2\/posts\/7048\/revisions"}],"predecessor-version":[{"id":7049,"href":"https:\/\/toukiela.com\/de\/wp-json\/wp\/v2\/posts\/7048\/revisions\/7049"}],"wp:featuredmedia":[{"embeddable":true,"href":"https:\/\/toukiela.com\/de\/wp-json\/wp\/v2\/media\/7050"}],"wp:attachment":[{"href":"https:\/\/toukiela.com\/de\/wp-json\/wp\/v2\/media?parent=7048"}],"wp:term":[{"taxonomy":"category","embeddable":true,"href":"https:\/\/toukiela.com\/de\/wp-json\/wp\/v2\/categories?post=7048"},{"taxonomy":"post_tag","embeddable":true,"href":"https:\/\/toukiela.com\/de\/wp-json\/wp\/v2\/tags?post=7048"}],"curies":[{"name":"wp","href":"https:\/\/api.w.org\/{rel}","templated":true}]}}