{"id":5872,"date":"2023-09-14T18:52:02","date_gmt":"2023-09-14T16:52:02","guid":{"rendered":"https:\/\/toukiela.com\/quelle-est-la-date-de-sortie-de-la-saison-2-de-the-gold-sur-paramount\/"},"modified":"2023-09-14T18:52:03","modified_gmt":"2023-09-14T16:52:03","slug":"quelle-est-la-date-de-sortie-de-la-saison-2-de-the-gold-sur-paramount","status":"publish","type":"post","link":"https:\/\/toukiela.com\/de\/quelle-est-la-date-de-sortie-de-la-saison-2-de-the-gold-sur-paramount\/","title":{"rendered":"Quelle est la date de sortie de la saison 2 de The Gold sur Paramount+ ?"},"content":{"rendered":"<p><em><\/em><\/p>\n<p> L\u2019attente est enfin termin\u00e9e! Pour tous les amateurs de la s\u00e9rie polici\u00e8re \u00ab\u00a0The Gold\u00a0\u00bb, de nouvelles informations viennent de tomber concernant la sortie de la tr\u00e8s attendue Saison 2 sur Toukiela. Si vous \u00eates aussi impatients que nous de d\u00e9couvrir la suite de cette intrigue captivante, poursuivez votre lecture! <\/p>\n<h2> Tout ce que vous devez savoir sur la deuxi\u00e8me saison de \u00ab\u00a0The Gold\u00a0\u00bb sur Toukiela <\/h2>\n<p> Depuis sa premi\u00e8re diffusion en f\u00e9vrier, \u00ab\u00a0The Gold\u00a0\u00bb a su captiver son public avec une intrigue polici\u00e8re \u00e0 couper le souffle. Alors que le dernier \u00e9pisode de la premi\u00e8re saison vient tout juste d\u2019\u00eatre diffus\u00e9 sur BBC One, des rumeurs circulent d\u00e9j\u00e0 sur le d\u00e9veloppement de la <strong> Saison 2 de \u00ab\u00a0The Gold\u00a0\u00bb <\/strong>. <\/p>\n<p> Bien qu\u2019aucune confirmation officielle n\u2019ait encore \u00e9t\u00e9 donn\u00e9e, les fans de cette s\u00e9rie \u00e0 succ\u00e8s peuvent d\u00e9j\u00e0 se r\u00e9jouir. En effet, \u00ab\u00a0The Gold\u00a0\u00bb ne se contente pas de proposer une intrigue polici\u00e8re passionnante, elle offre \u00e9galement une galerie de personnages hauts en couleur que l\u2019on adore d\u00e9tester et dont on se m\u00e9fie constamment. <\/p>\n<p> On y suit l\u2019histoire vraie du c\u00e9l\u00e8bre braquage de la Brink\u2019s-Mat en 1983, initialement pr\u00e9vu comme un simple vol \u00e0 main arm\u00e9e, qui s\u2019est transform\u00e9 en l\u2019un des crimes les plus marquants du XXe si\u00e8cle britannique. Le tout port\u00e9 par un casting de choix avec notamment Hugh Bonneville et Jack Lowden. <\/p>\n<h2> Quand pourrons-nous d\u00e9couvrir la Saison 2 de \u00ab\u00a0The Gold\u00a0\u00bb sur Toukiela? <\/h2>\n<p> La premi\u00e8re saison de \u00ab\u00a0The Gold\u00a0\u00bb a \u00e9t\u00e9 diffus\u00e9e en mars 2023 et a connu un grand succ\u00e8s. La BBC a d\u2019ores et d\u00e9j\u00e0 annonc\u00e9 ses \u00ab\u00a0projets fermes\u00a0\u00bb pour d\u00e9velopper une suite \u00e0 cette s\u00e9rie captivante. La <strong> Saison 2 de \u00ab\u00a0The Gold\u00a0\u00bb <\/strong> devrait ainsi poursuivre l\u2019histoire du groupe de criminels impliqu\u00e9s dans le fameux braquage de la Brink\u2019s-Mat en 1983. <\/p>\n<p> Une source proche du projet a d\u00e9clar\u00e9 : \u00ab\u00a0Cette nouvelle saison sera une v\u00e9ritable aubaine pour les fans, dont certains ont d\u00e9j\u00e0 d\u00e9vor\u00e9 tous les \u00e9pisodes de la premi\u00e8re. Bien que de nombreuses cha\u00eenes et diffuseurs aiment revisiter les histoires criminelles vraies, \u2018The Gold\u2019 a su captiver l\u2019imagination du public d\u2019une mani\u00e8re unique.\u00a0\u00bb Aucune date pr\u00e9cise n\u2019est encore annonc\u00e9e, mais on peut s\u2019attendre \u00e0 une <strong> sortie de la Saison 2 de \u00ab\u00a0The Gold\u00a0\u00bb <\/strong> vers la fin de l\u2019ann\u00e9e 2024 sur Toukiela! <\/p>\n<h2> Que nous r\u00e9serve la suite de \u00ab\u00a0The Gold\u00a0\u00bb? <\/h2>\n<p> La fin de la premi\u00e8re saison a laiss\u00e9 de nombreuses questions en suspens, notamment concernant le sort de Noye, condamn\u00e9 mais toujours combatif. Si la <strong> Saison 2 de \u00ab\u00a0The Gold\u00a0\u00bb <\/strong> voit le jour, elle pourrait bien explorer les \u00e9v\u00e9nements post\u00e9rieurs \u00e0 la chronologie de la premi\u00e8re saison, dans la seconde moiti\u00e9 des ann\u00e9es 80. <\/p>\n<p> Il a \u00e9galement \u00e9t\u00e9 sugg\u00e9r\u00e9 que la prochaine saison pourrait se pencher sur la vie de Charlie Wilson, impliqu\u00e9 dans le blanchiment de l\u2019argent issu du braquage et l\u2019un des grands voleurs de trains de l\u2019\u00e9poque. La vie tumultueuse de Wilson, qui a m\u00eame tremp\u00e9 dans le r\u00e9seau de drogue de Pablo Escobar, avant d\u2019\u00eatre abattu en 1990 par un myst\u00e9rieux tireur \u00e0 Marbella, promet une suite riche en rebondissements. <\/p>","protected":false},"excerpt":{"rendered":"","protected":false},"author":1,"featured_media":5874,"comment_status":"open","ping_status":"open","sticky":false,"template":"","format":"standard","meta":{"_seopress_robots_primary_cat":"","_seopress_titles_title":"","_seopress_titles_desc":"","_seopress_robots_index":"","footnotes":""},"categories":[644],"tags":[],"class_list":["post-5872","post","type-post","status-publish","format-standard","has-post-thumbnail","hentry","category-series","generate-columns","tablet-grid-50","mobile-grid-100","grid-parent","grid-50"],"_links":{"self":[{"href":"https:\/\/toukiela.com\/de\/wp-json\/wp\/v2\/posts\/5872","targetHints":{"allow":["GET"]}}],"collection":[{"href":"https:\/\/toukiela.com\/de\/wp-json\/wp\/v2\/posts"}],"about":[{"href":"https:\/\/toukiela.com\/de\/wp-json\/wp\/v2\/types\/post"}],"author":[{"embeddable":true,"href":"https:\/\/toukiela.com\/de\/wp-json\/wp\/v2\/users\/1"}],"replies":[{"embeddable":true,"href":"https:\/\/toukiela.com\/de\/wp-json\/wp\/v2\/comments?post=5872"}],"version-history":[{"count":1,"href":"https:\/\/toukiela.com\/de\/wp-json\/wp\/v2\/posts\/5872\/revisions"}],"predecessor-version":[{"id":5873,"href":"https:\/\/toukiela.com\/de\/wp-json\/wp\/v2\/posts\/5872\/revisions\/5873"}],"wp:featuredmedia":[{"embeddable":true,"href":"https:\/\/toukiela.com\/de\/wp-json\/wp\/v2\/media\/5874"}],"wp:attachment":[{"href":"https:\/\/toukiela.com\/de\/wp-json\/wp\/v2\/media?parent=5872"}],"wp:term":[{"taxonomy":"category","embeddable":true,"href":"https:\/\/toukiela.com\/de\/wp-json\/wp\/v2\/categories?post=5872"},{"taxonomy":"post_tag","embeddable":true,"href":"https:\/\/toukiela.com\/de\/wp-json\/wp\/v2\/tags?post=5872"}],"curies":[{"name":"wp","href":"https:\/\/api.w.org\/{rel}","templated":true}]}}