{"id":5731,"date":"2023-09-12T21:57:12","date_gmt":"2023-09-12T19:57:12","guid":{"rendered":"https:\/\/toukiela.com\/quelle-est-la-date-de-sortie-de-la-saison-5-des-bracelets-rouges-sur-tf1\/"},"modified":"2023-09-12T21:57:12","modified_gmt":"2023-09-12T19:57:12","slug":"quelle-est-la-date-de-sortie-de-la-saison-5-des-bracelets-rouges-sur-tf1","status":"publish","type":"post","link":"https:\/\/toukiela.com\/de\/quelle-est-la-date-de-sortie-de-la-saison-5-des-bracelets-rouges-sur-tf1\/","title":{"rendered":"Quelle est la date de sortie de la Saison 5 des Bracelets Rouges sur TF1?"},"content":{"rendered":"<p><em><\/em><\/p>\n<p> Vous \u00eates un fan de la s\u00e9rie t\u00e9l\u00e9vis\u00e9e Les Bracelets Rouges ? Vous \u00eates impatients de d\u00e9couvrir la suite des aventures de vos personnages pr\u00e9f\u00e9r\u00e9s ? Voici tout ce que vous devez savoir sur la prochaine saison de cette s\u00e9rie populaire diffus\u00e9e sur TF1. <\/p>\n<h2> Un aper\u00e7u de la saison 5 des Bracelets Rouges <\/h2>\n<p> Les Bracelets Rouges, la s\u00e9rie \u00e0 succ\u00e8s diffus\u00e9e sur TF1, est de retour avec une toute nouvelle saison. Apr\u00e8s une troisi\u00e8me saison diffus\u00e9e en 2020, qui a marqu\u00e9 la fin des histoires de Cl\u00e9ment, Thomas, Mehdi, Roxane et C\u00f4me, TF1 a d\u00e9cid\u00e9 de renouveler la s\u00e9rie avec une nouvelle distribution. <\/p>\n<p> <strong> La saison 5 des Bracelets Rouges <\/strong>, tr\u00e8s attendue par les fans, pr\u00e9sentera de nouveaux personnages. Nous d\u00e9couvrirons Benji, atteint d\u2019une maladie d\u00e9g\u00e9n\u00e9rative, qui profite de chaque instant avec son meilleur ami Gabriel, paralys\u00e9 suite \u00e0 un accident de la route. Emma, en attente d\u2019un donneur pour une greffe de rein, rejoindra \u00e9galement le casting. <\/p>\n<h2> Quand la saison 5 des Bracelets Rouges sera-t-elle diffus\u00e9e sur TF1 ? <\/h2>\n<p> La question que tous les fans se posent est : quand pourrons-nous d\u00e9couvrir cette nouvelle saison ? Pour l\u2019instant, <strong> aucune annonce officielle <\/strong> n\u2019a \u00e9t\u00e9 faite concernant la date de sortie de la saison 5 des Bracelets Rouges sur TF1. La cha\u00eene prend des risques avec ce nouveau casting et attend probablement de voir comment le public r\u00e9agira. <\/p>\n<p> Cependant, si la s\u00e9rie est renouvel\u00e9e, la <strong> sortie de la saison 5 des Bracelets Rouges sur TF1 <\/strong> pourrait avoir lieu fin 2024 ou mi-2025. Il ne reste plus qu\u2019\u00e0 patienter et \u00e0 esp\u00e9rer que cette nouvelle saison soit \u00e0 la hauteur des attentes. <\/p>\n<h2> Qu\u2019est-ce qui nous attend dans cette nouvelle saison ? <\/h2>\n<p> La saison 5 des Bracelets Rouges promet de nombreuses surprises. Nous retrouverons Benji, Gabriel, Zo\u00e9, Nathan et Emma dans la poursuite de leur traitement et de nouveaux visages devraient les rejoindre. Cependant, il est possible que tous les personnages ne survivent pas jusqu\u2019\u00e0 la fin de la saison. Quoi qu\u2019il en soit, les fans de la s\u00e9rie ne devraient pas \u00eatre d\u00e9\u00e7us. <\/p>\n<p> Restez donc \u00e0 l\u2019aff\u00fbt pour ne pas manquer la sortie de la saison 5 de Les Bracelets Rouges, une s\u00e9rie qui continue de captiver les t\u00e9l\u00e9spectateurs avec ses histoires touchantes et ses personnages attachants. <\/p>\n<p> Continuez \u00e0 suivre Toukiela pour rester inform\u00e9s des derni\u00e8res nouvelles concernant vos s\u00e9ries pr\u00e9f\u00e9r\u00e9es. <\/p>","protected":false},"excerpt":{"rendered":"","protected":false},"author":1,"featured_media":5733,"comment_status":"open","ping_status":"open","sticky":false,"template":"","format":"standard","meta":{"_seopress_robots_primary_cat":"","_seopress_titles_title":"","_seopress_titles_desc":"","_seopress_robots_index":"","footnotes":""},"categories":[644],"tags":[],"class_list":["post-5731","post","type-post","status-publish","format-standard","has-post-thumbnail","hentry","category-series","generate-columns","tablet-grid-50","mobile-grid-100","grid-parent","grid-50"],"_links":{"self":[{"href":"https:\/\/toukiela.com\/de\/wp-json\/wp\/v2\/posts\/5731","targetHints":{"allow":["GET"]}}],"collection":[{"href":"https:\/\/toukiela.com\/de\/wp-json\/wp\/v2\/posts"}],"about":[{"href":"https:\/\/toukiela.com\/de\/wp-json\/wp\/v2\/types\/post"}],"author":[{"embeddable":true,"href":"https:\/\/toukiela.com\/de\/wp-json\/wp\/v2\/users\/1"}],"replies":[{"embeddable":true,"href":"https:\/\/toukiela.com\/de\/wp-json\/wp\/v2\/comments?post=5731"}],"version-history":[{"count":1,"href":"https:\/\/toukiela.com\/de\/wp-json\/wp\/v2\/posts\/5731\/revisions"}],"predecessor-version":[{"id":5732,"href":"https:\/\/toukiela.com\/de\/wp-json\/wp\/v2\/posts\/5731\/revisions\/5732"}],"wp:featuredmedia":[{"embeddable":true,"href":"https:\/\/toukiela.com\/de\/wp-json\/wp\/v2\/media\/5733"}],"wp:attachment":[{"href":"https:\/\/toukiela.com\/de\/wp-json\/wp\/v2\/media?parent=5731"}],"wp:term":[{"taxonomy":"category","embeddable":true,"href":"https:\/\/toukiela.com\/de\/wp-json\/wp\/v2\/categories?post=5731"},{"taxonomy":"post_tag","embeddable":true,"href":"https:\/\/toukiela.com\/de\/wp-json\/wp\/v2\/tags?post=5731"}],"curies":[{"name":"wp","href":"https:\/\/api.w.org\/{rel}","templated":true}]}}