{"id":5716,"date":"2023-09-12T17:48:30","date_gmt":"2023-09-12T15:48:30","guid":{"rendered":"https:\/\/toukiela.com\/quelle-est-la-date-et-lheure-de-sortie-de-lepisode-8-de-la-saison-3-de-only-murders-in-the-building\/"},"modified":"2023-09-12T17:48:30","modified_gmt":"2023-09-12T15:48:30","slug":"quelle-est-la-date-et-lheure-de-sortie-de-lepisode-8-de-la-saison-3-de-only-murders-in-the-building","status":"publish","type":"post","link":"https:\/\/toukiela.com\/de\/quelle-est-la-date-et-lheure-de-sortie-de-lepisode-8-de-la-saison-3-de-only-murders-in-the-building\/","title":{"rendered":"Quelle est la date et l&rsquo;heure de sortie de l&rsquo;\u00e9pisode 8 de la saison 3 de Only Murders In The Building ?"},"content":{"rendered":"<p><em><\/em><\/p>\n<p>Enthousiastes de la s\u00e9rie Only Murders In The Building diffus\u00e9e sur Disney Plus, pr\u00e9parez-vous pour une dose suppl\u00e9mentaire de suspense et de rebondissements ! Le huiti\u00e8me \u00e9pisode de la troisi\u00e8me saison s\u2019annonce tr\u00e8s prometteur. Si vous voulez en savoir plus sur ce qui vous attend, continuez \u00e0 lire.<\/p>\n<h2> Tout ce qu\u2019il faut savoir sur le huiti\u00e8me \u00e9pisode de la saison 3 de Only Murders In The Building <\/h2>\n<p>Apr\u00e8s les \u00e9v\u00e9nements palpitants du septi\u00e8me \u00e9pisode, o\u00f9 Teddy d\u00e9couvre un dessin conceptuel de la bande dessin\u00e9e \u00ab\u00a0CoBro\u00a0\u00bb, attribu\u00e9 \u00e0 tort \u00e0 \u00ab\u00a0B. Glenroy\u00a0\u00bb, nous attendons avec impatience la suite. Mabel, apr\u00e8s avoir \u00e9tudi\u00e9 le dessin, conclut qu\u2019il a \u00e9t\u00e9 r\u00e9alis\u00e9 par Richard \u00ab\u00a0Dickie\u00a0\u00bb Glenroy, qui accuse Ben de lui avoir vol\u00e9 ses id\u00e9es. Cette d\u00e9couverte sugg\u00e8re que Dickie aurait pu avoir une raison de vouloir la mort de son propre fr\u00e8re.<\/p>\n<p> Parall\u00e8lement, Charles tente d\u2019obtenir le mouchoir de Ben aupr\u00e8s d\u2019Uma, qui lui r\u00e9v\u00e8le l\u2019avoir vendu. De plus, dans le teaser de la nouvelle saison du podcast de Mabel, nous voyons Dickie, en larmes, serrant un mouchoir tach\u00e9 de sang dans l\u2019appartement de Ben. Tout cela laisse penser que le mouchoir en question est le m\u00eame que celui que Ben tenait lorsqu\u2019il est mort, et que Dickie l\u2019a achet\u00e9 \u00e0 Uma. <\/p>\n<p>La fin de l\u2019\u00e9pisode sugg\u00e8re que Dickie, qui semblait \u00eatre innocent, aurait pu \u00eatre le meurtrier de Ben. Cependant, comme la carri\u00e8re de Ben \u00e9tait la source de revenus de Dickie, il est peu probable qu\u2019il l\u2019ait tu\u00e9, mettant ainsi fin \u00e0 sa carri\u00e8re et \u00e0 son acc\u00e8s \u00e0 Hollywood. <\/p>\n<h2> Quand sortira le huiti\u00e8me \u00e9pisode de la saison 3 de Only Murders In The Building ? <\/h2>\n<p> Vous devez s\u00fbrement \u00eatre impatients de conna\u00eetre la suite. Heureusement, l\u2019attente ne sera pas longue. En effet, la <strong>date de sortie de l\u2019\u00e9pisode 8 de la saison 3 de Only Murders In The Building <\/strong> a \u00e9t\u00e9 fix\u00e9e au 19 septembre 2023 sur Disney Plus ! Et pour ceux qui veulent le voir d\u00e8s sa sortie, <strong>l\u2019heure de sortie de l\u2019\u00e9pisode 8 <\/strong>a \u00e9t\u00e9 fix\u00e9e \u00e0 9h01 sur Disney Plus en France ! <\/p>\n<h2> Quelles sont les attentes pour la suite ? Attention, spoilers ! <\/h2>\n<p>Il semble une fois de plus que Dickie ne soit pas le responsable. Il a peut-\u00eatre simplement achet\u00e9 le mouchoir de Ben en souvenir de son fr\u00e8re. Malgr\u00e9 les motifs forts, ils ne prouvent pas forc\u00e9ment un meurtre.<\/p>\n<p> Loretta, quant \u00e0 elle, semble en retrait dans les derniers \u00e9pisodes. Charles et Oliver ont le livre de coupures de presse et un motif solide pour l\u2019actrice. Vont-ils enfin partager leurs d\u00e9couvertes avec Mabel ? <\/p>\n<p>On peut penser que Charles et Oliver vont confronter Mabel au sujet de la bande-annonce du podcast, bless\u00e9s qu\u2019elle ait travaill\u00e9 derri\u00e8re leur dos et utilis\u00e9 \u00e0 nouveau le m\u00eame nom de podcast. Tout cela annonce une suite tr\u00e8s intense dans <strong>l\u2019\u00e9pisode 8 de la saison 3 de Only Murders In The Building<\/strong>.<\/p>\n<p> Restez connect\u00e9s sur Toukiela pour plus d\u2019infos sur vos s\u00e9ries pr\u00e9f\u00e9r\u00e9es! <\/p>","protected":false},"excerpt":{"rendered":"","protected":false},"author":1,"featured_media":5718,"comment_status":"open","ping_status":"open","sticky":false,"template":"","format":"standard","meta":{"_seopress_robots_primary_cat":"","_seopress_titles_title":"","_seopress_titles_desc":"","_seopress_robots_index":"","footnotes":""},"categories":[644],"tags":[],"class_list":["post-5716","post","type-post","status-publish","format-standard","has-post-thumbnail","hentry","category-series","generate-columns","tablet-grid-50","mobile-grid-100","grid-parent","grid-50"],"_links":{"self":[{"href":"https:\/\/toukiela.com\/de\/wp-json\/wp\/v2\/posts\/5716","targetHints":{"allow":["GET"]}}],"collection":[{"href":"https:\/\/toukiela.com\/de\/wp-json\/wp\/v2\/posts"}],"about":[{"href":"https:\/\/toukiela.com\/de\/wp-json\/wp\/v2\/types\/post"}],"author":[{"embeddable":true,"href":"https:\/\/toukiela.com\/de\/wp-json\/wp\/v2\/users\/1"}],"replies":[{"embeddable":true,"href":"https:\/\/toukiela.com\/de\/wp-json\/wp\/v2\/comments?post=5716"}],"version-history":[{"count":1,"href":"https:\/\/toukiela.com\/de\/wp-json\/wp\/v2\/posts\/5716\/revisions"}],"predecessor-version":[{"id":5717,"href":"https:\/\/toukiela.com\/de\/wp-json\/wp\/v2\/posts\/5716\/revisions\/5717"}],"wp:featuredmedia":[{"embeddable":true,"href":"https:\/\/toukiela.com\/de\/wp-json\/wp\/v2\/media\/5718"}],"wp:attachment":[{"href":"https:\/\/toukiela.com\/de\/wp-json\/wp\/v2\/media?parent=5716"}],"wp:term":[{"taxonomy":"category","embeddable":true,"href":"https:\/\/toukiela.com\/de\/wp-json\/wp\/v2\/categories?post=5716"},{"taxonomy":"post_tag","embeddable":true,"href":"https:\/\/toukiela.com\/de\/wp-json\/wp\/v2\/tags?post=5716"}],"curies":[{"name":"wp","href":"https:\/\/api.w.org\/{rel}","templated":true}]}}