{"id":5621,"date":"2023-09-10T13:37:16","date_gmt":"2023-09-10T11:37:16","guid":{"rendered":"https:\/\/toukiela.com\/devore-par-les-flammes-que-deviennent-les-filles-de-rosa-peral-aujourdhui\/"},"modified":"2023-09-10T13:37:35","modified_gmt":"2023-09-10T11:37:35","slug":"devore-par-les-flammes-que-deviennent-les-filles-de-rosa-peral-aujourdhui","status":"publish","type":"post","link":"https:\/\/toukiela.com\/de\/devore-par-les-flammes-que-deviennent-les-filles-de-rosa-peral-aujourdhui\/","title":{"rendered":"Von den Flammen verschlungen: Was geschieht heute mit Rosa Perals M\u00e4dchen?"},"content":{"rendered":"<p><em><\/em><\/p>\n<h2>Sehen Sie auf Netflix, was aus Rosa Perals M\u00e4dchen heute nach Von den Flammen verschlungen wird!<\/h2>\n<p>Von den Flammen verschlungen ist auf Netflix verf\u00fcgbar! Wenn Sie wissen m\u00f6chten, was aus Rosa Perals T\u00f6chtern heute geworden ist, lesen Sie weiter! Am Ende von Verzehrt von den Flammen sprach Ester schlie\u00dflich vor Gericht, und die Beh\u00f6rden und die Jury waren der Ansicht, dass ihre Schlussfolgerungen der Wahrheit am n\u00e4chsten kamen, was offensichtlich war, da Rosas und Alberts Aussagen \u00e4u\u00dferst verd\u00e4chtig waren.<\/p>\n<p>Im Fall von Albert Lopez befanden sieben der neun Geschworenen ihn des vors\u00e4tzlichen Mordes f\u00fcr schuldig. Der Mann wurde f\u00fcr dieses Verbrechen zu 20 Jahren Haft verurteilt. Im Fall von Rosa Peral befanden acht der neun Jurymitglieder sie des Mordes an ihrem Freund Pedro Rodriguez f\u00fcr schuldig. Um zu erfahren, was aus Albert Lopez geworden ist, lesen Sie hier weiter.<\/p>\n<p>Das Gericht verurteilte sie zu einer \u00e4hnlichen Strafe von 20 Jahren Haft, zu der es weitere f\u00fcnf Jahre hinzuf\u00fcgte, weil sie und Pedro in einer offiziellen Beziehung ein Liebespaar waren. Am Ende legten Rosa und Albert Berufung gegen die Entscheidung des Gerichts ein, aber der Oberste Gerichtshof wies die Berufungen zur\u00fcck und Rosa weinte, weil sie ihre T\u00f6chter verloren hatte. Was ist also heute aus Rosa Perals T\u00f6chtern geworden?<\/p>\n<h2>Was geschieht heute mit den M\u00e4dchen von Rosa Peral?<\/h2>\n<p>Einer der wichtigsten Beweise, die w\u00e4hrend des Prozesses gegen Rosa vorgebracht wurden, sollte angeblich die Aussage von Antonia, Rubens damaliger Lebensgef\u00e4hrtin, sein. Die betreffende Zeugin behauptete, dass eine von Rosa Perals T\u00f6chtern ihr Informationen gegeben habe, die darauf hindeuteten, dass Rosa Peral Pedro in der Nacht seines Todes unter Drogen gesetzt hatte. Ob es eine zweite Staffel geben wird, erfahren Sie hier.<\/p>\n<p>Aufgrund ihres Status als Minderj\u00e4hrige wurde die Identit\u00e4t der T\u00f6chter von Rosa Peral nicht bekannt gegeben. Angesichts der Aufmerksamkeit, die dem Fall in den spanischen Medien gewidmet wurde, besteht kein Zweifel daran, dass Rosa Perals T\u00f6chter gr\u00fcndlich untersucht worden w\u00e4ren. Da Rosa Peral zu 25 Jahren Haft verurteilt wurde, ist es wahrscheinlich, dass ihre T\u00f6chter nun bei ihrem Vater Ruben leben. Sie stehen jedoch weiterhin in Kontakt mit ihrer Mutter und besuchen sie jeden Monat zusammen mit Rosas Vater Francisco Peral.<\/p>\n<p>Der Beitrag Von den Flammen verschlungen: Was wird heute aus Rosa Perals M\u00e4dchen? erschien zuerst auf .<\/p>","protected":false},"excerpt":{"rendered":"","protected":false},"author":1,"featured_media":5623,"comment_status":"open","ping_status":"open","sticky":false,"template":"","format":"standard","meta":{"_seopress_robots_primary_cat":"","_seopress_titles_title":"","_seopress_titles_desc":"","_seopress_robots_index":"","footnotes":""},"categories":[645],"tags":[],"class_list":["post-5621","post","type-post","status-publish","format-standard","has-post-thumbnail","hentry","category-netflix","generate-columns","tablet-grid-50","mobile-grid-100","grid-parent","grid-50"],"_links":{"self":[{"href":"https:\/\/toukiela.com\/de\/wp-json\/wp\/v2\/posts\/5621","targetHints":{"allow":["GET"]}}],"collection":[{"href":"https:\/\/toukiela.com\/de\/wp-json\/wp\/v2\/posts"}],"about":[{"href":"https:\/\/toukiela.com\/de\/wp-json\/wp\/v2\/types\/post"}],"author":[{"embeddable":true,"href":"https:\/\/toukiela.com\/de\/wp-json\/wp\/v2\/users\/1"}],"replies":[{"embeddable":true,"href":"https:\/\/toukiela.com\/de\/wp-json\/wp\/v2\/comments?post=5621"}],"version-history":[{"count":0,"href":"https:\/\/toukiela.com\/de\/wp-json\/wp\/v2\/posts\/5621\/revisions"}],"wp:featuredmedia":[{"embeddable":true,"href":"https:\/\/toukiela.com\/de\/wp-json\/wp\/v2\/media\/5623"}],"wp:attachment":[{"href":"https:\/\/toukiela.com\/de\/wp-json\/wp\/v2\/media?parent=5621"}],"wp:term":[{"taxonomy":"category","embeddable":true,"href":"https:\/\/toukiela.com\/de\/wp-json\/wp\/v2\/categories?post=5621"},{"taxonomy":"post_tag","embeddable":true,"href":"https:\/\/toukiela.com\/de\/wp-json\/wp\/v2\/tags?post=5621"}],"curies":[{"name":"wp","href":"https:\/\/api.w.org\/{rel}","templated":true}]}}