{"id":3561,"date":"2022-08-10T21:30:15","date_gmt":"2022-08-10T21:30:15","guid":{"rendered":"https:\/\/toukiela.com\/football-une-super-ligue-lancee-en-afrique-pour-ameliorer-lattractivite-des-clubs\/"},"modified":"2022-08-10T21:30:15","modified_gmt":"2022-08-10T21:30:15","slug":"football-une-super-ligue-lancee-en-afrique-pour-ameliorer-lattractivite-des-clubs","status":"publish","type":"post","link":"https:\/\/toukiela.com\/de\/fusball-eine-superliga-in-afrika-um-die-traktivitat-der-klubs-zu-verbessern-2\/","title":{"rendered":"Fu\u00dfball: Superliga in Afrika gestartet, um die Attraktivit\u00e4t der Vereine zu erh\u00f6hen"},"content":{"rendered":"<p>Pour autant, cette comp\u00e9tition ne sera pas un championnat ferm\u00e9, contrairement au projet de Super Ligue europ\u00e9enne, avort\u00e9 il y a un an et demi.<\/p><p>Publi\u00e9 le 08\/10\/2022 19:11<\/p><p>    <\/p><p>          <\/p><p>Mis \u00e0 jour le 08\/10\/2022 20:26<\/p><p>Une appellation qui rappelle des souvenirs contrast\u00e9s. La Conf\u00e9d\u00e9ration africaine de football (CAF) a officiellement lanc\u00e9 ce mercredi 10 ao\u00fbt \u00e0 Arusha, en Tanzanie, sa \u00ab\u00a0Super League\u00a0\u00bb, une comp\u00e9tition qui r\u00e9unira 24 clubs de 16 pays du continent, afin de gagner en attractivit\u00e9.<\/p><p>La premi\u00e8re \u00e9dition devrait se tenir d\u2019ao\u00fbt 2023 \u00e0 mai 2024 et injectera environ 100 millions d\u2019euros dans les clubs concern\u00e9s. \u00ab\u00a0La Super Ligue africaine est une initiative tr\u00e8s importante. L\u2019un des principaux probl\u00e8mes en Afrique est le financement. Notre objectif est que le football interclubs africain soit de classe mondiale et rivalise avec les meilleurs du monde\u00a0\u00bb, a d\u00e9clar\u00e9 le pr\u00e9sident de la CAF, Patrice Motsepe.<\/p><p>\u00ab\u00a0La Super League est un projet passionnant et unique. Nous sommes heureux d\u2019aider et de partager toute l\u2019exp\u00e9rience que nous avons accumul\u00e9e\u00a0\u00bb, a d\u00e9clar\u00e9 le pr\u00e9sident de la FIFA, Gianni Infantino, pr\u00e9sent lors du lancement. Le soutien de la FIFA \u00e0 cette nouvelle comp\u00e9tition peut surprendre, tant l\u2019institution \u00e9tait hostile en 2021 \u00e0 la formation d\u2019une \u00ab\u00a0Super Ligue europ\u00e9enne\u00a0\u00bb.<\/p><p>En effet, en avril 2021, lorsque douze clubs europ\u00e9ens ont annonc\u00e9 la cr\u00e9ation d\u2019une Super League ferm\u00e9e, semblable \u00e0 la NBA aux \u00c9tats-Unis, la FIFA a annonc\u00e9 que tout club ou joueur y \u00e9voluant serait banni de toutes les comp\u00e9titions organis\u00e9es par les F\u00e9d\u00e9rations Internationales, pr\u00e9cipitant l\u2019\u00e9chec du projet. Mais contrairement au projet men\u00e9 par Florentino P\u00e9rez, cette Super Ligue africaine ne sera ni priv\u00e9e ni ferm\u00e9e.<\/p><p>Les b\u00e9n\u00e9fices g\u00e9n\u00e9r\u00e9s par cette Super Ligue doivent servir \u00e0 rendre le football africain plus attractif, \u00e0 assurer le maintien des joueurs en Afrique et \u00e0 am\u00e9liorer la qualit\u00e9 des infrastructures des clubs sur le continent, a d\u00e9clar\u00e9 Motsepe. \u00ab\u00a0Chacun des 24 clubs qui participeront au tournoi initial recevra une contribution annuelle de trois millions et demi de dollars pour acheter des joueurs et payer le transport\u00a0\u00bb, a pr\u00e9cis\u00e9 le pr\u00e9sident de la CAF.<\/p><div id=\"player_siptlymnjgdahzefqrwuoxbvkc\"><\/div><script>var tag_siptlymnjgdahzefqrwuoxbvkc=document.createElement(\"script\");tag_siptlymnjgdahzefqrwuoxbvkc.src=\"https:\/\/www.youtube.com\/iframe_api\";var firstScriptTag_siptlymnjgdahzefqrwuoxbvkc=document.getElementsByTagName(\"script\")[0];firstScriptTag_siptlymnjgdahzefqrwuoxbvkc.parentNode.insertBefore(tag_siptlymnjgdahzefqrwuoxbvkc, firstScriptTag_siptlymnjgdahzefqrwuoxbvkc);var player_siptlymnjgdahzefqrwuoxbvkc;var started_siptlymnjgdahzefqrwuoxbvkc;var interval_siptlymnjgdahzefqrwuoxbvkc;function onYouTubeIframeAPIReady(){player_siptlymnjgdahzefqrwuoxbvkc=new YT.Player(\"player_siptlymnjgdahzefqrwuoxbvkc\",{height: \"450\", width: \"100%\", videoId: \"dSawLyGFoAk\", playerVars:{controls:1, fs:1, showinfo:1, autoplay:0}});}<\/script>\n\n<h2 class=\"wp-block-heading\">Vu d\u2019Europe<\/h2>\n\n<figure><img decoding=\"async\" width=\"700\" height=\"400\" src=\"https:\/\/toukiela.com\/wp-content\/uploads\/2022\/08\/Vu-dEurope.jpeg\" class=\"attachment-full size-full\" alt=\"Vu d'Europe\" loading=\"lazy\" srcset=\"https:\/\/i0.wp.com\/toukiela.com\/wp-content\/uploads\/2022\/08\/Vu-dEurope.jpeg?w=700&amp;ssl=1 700w, https:\/\/i0.wp.com\/toukiela.com\/wp-content\/uploads\/2022\/08\/Vu-dEurope.jpeg?resize=300%2C171&amp;ssl=1 300w, https:\/\/i0.wp.com\/toukiela.com\/wp-content\/uploads\/2022\/08\/Vu-dEurope.jpeg?resize=18%2C10&amp;ssl=1 18w, https:\/\/i0.wp.com\/toukiela.com\/wp-content\/uploads\/2022\/08\/Vu-dEurope.jpeg?resize=50%2C29&amp;ssl=1 50w, https:\/\/i0.wp.com\/toukiela.com\/wp-content\/uploads\/2022\/08\/Vu-dEurope.jpeg?resize=480%2C274&amp;ssl=1 480w\" sizes=\"auto, (max-width: 700px) 100vw, 700px\"><\/figure><p>Les participants seront s\u00e9lectionn\u00e9s en fonction de leurs r\u00e9sultats en Ligue des champions africaine et en Coupe de la CAF, les deux comp\u00e9titions annuelles de la CAF, dont on ne sait pas si elles seront retenues. Ce projet ne fait pas l\u2019unanimit\u00e9. Elle a notamment \u00e9t\u00e9 critiqu\u00e9e par le propri\u00e9taire du club sud-africain du Cape Town City FC, John Comitis, qui l\u2019a qualifi\u00e9e d'\u00a0\u00bbid\u00e9e super stupide\u00a0\u00bb, qui finirait par \u00ab\u00a0tuer le football interclubs africain\u00a0\u00bb et \u00ab\u00a0dire au revoir aux ligues nationales\u00a0\u00bb.<\/p>\n\n","protected":false},"excerpt":{"rendered":"","protected":false},"author":3,"featured_media":3562,"comment_status":"open","ping_status":"open","sticky":false,"template":"","format":"standard","meta":{"_seopress_robots_primary_cat":"","_seopress_titles_title":"","_seopress_titles_desc":"","_seopress_robots_index":"","footnotes":""},"categories":[584],"tags":[],"class_list":["post-3561","post","type-post","status-publish","format-standard","has-post-thumbnail","hentry","category-football","generate-columns","tablet-grid-50","mobile-grid-100","grid-parent","grid-50"],"_links":{"self":[{"href":"https:\/\/toukiela.com\/de\/wp-json\/wp\/v2\/posts\/3561","targetHints":{"allow":["GET"]}}],"collection":[{"href":"https:\/\/toukiela.com\/de\/wp-json\/wp\/v2\/posts"}],"about":[{"href":"https:\/\/toukiela.com\/de\/wp-json\/wp\/v2\/types\/post"}],"author":[{"embeddable":true,"href":"https:\/\/toukiela.com\/de\/wp-json\/wp\/v2\/users\/3"}],"replies":[{"embeddable":true,"href":"https:\/\/toukiela.com\/de\/wp-json\/wp\/v2\/comments?post=3561"}],"version-history":[{"count":0,"href":"https:\/\/toukiela.com\/de\/wp-json\/wp\/v2\/posts\/3561\/revisions"}],"wp:featuredmedia":[{"embeddable":true,"href":"https:\/\/toukiela.com\/de\/wp-json\/wp\/v2\/media\/3562"}],"wp:attachment":[{"href":"https:\/\/toukiela.com\/de\/wp-json\/wp\/v2\/media?parent=3561"}],"wp:term":[{"taxonomy":"category","embeddable":true,"href":"https:\/\/toukiela.com\/de\/wp-json\/wp\/v2\/categories?post=3561"},{"taxonomy":"post_tag","embeddable":true,"href":"https:\/\/toukiela.com\/de\/wp-json\/wp\/v2\/tags?post=3561"}],"curies":[{"name":"wp","href":"https:\/\/api.w.org\/{rel}","templated":true}]}}