{"id":3403,"date":"2022-08-06T20:23:49","date_gmt":"2022-08-06T20:23:49","guid":{"rendered":"https:\/\/toukiela.com\/qui-se-cache-derriere-grand-frais\/"},"modified":"2022-08-30T12:09:22","modified_gmt":"2022-08-30T12:09:22","slug":"qui-se-cache-derriere-grand-frais","status":"publish","type":"post","link":"https:\/\/toukiela.com\/de\/wer-versteckt-sich-hinter-dem-grosen-kostenpunkt\/","title":{"rendered":"Wer verbirgt sich hinter Grand Frais?"},"content":{"rendered":"<p><iframe title=\"\u274c\ud83d\udce6 QUE SE CACHE T-IL DERRI\u00c8RE LES P\u00c9NURIES MASSIVES?\" width=\"1200\" height=\"675\" src=\"https:\/\/www.youtube-nocookie.com\/embed\/PUEZV0hmQAI?feature=oembed\" frameborder=\"0\" allow=\"accelerometer; autoplay; clipboard-write; encrypted-media; gyroscope; picture-in-picture; web-share\" allowfullscreen><\/iframe><\/p>\r\n<p><strong>Pour compl\u00e9ter son offre, la marque a sign\u00e9 une collaboration avec le groupe Marie-Blach\u00e8re pour proposer des produits \u00e0 l\u2019image de Grand Frais : pains et viennoiseries compl\u00e8tent les espaces.<\/strong><\/p>\r\n\r\n\r\n\r\n<div id=\"ez-toc-container\" class=\"ez-toc-v2_0_82_2 counter-hierarchy ez-toc-counter ez-toc-grey ez-toc-container-direction\">\n<p class=\"ez-toc-title\" style=\"cursor:inherit\">Sommaire<\/p>\n<label for=\"ez-toc-cssicon-toggle-item-69f1d2c1d3233\" class=\"ez-toc-cssicon-toggle-label\"><span class=\"\"><span class=\"eztoc-hide\" style=\"display:none;\">Toggle<\/span><span class=\"ez-toc-icon-toggle-span\"><svg style=\"fill: #999;color:#999\" xmlns=\"http:\/\/www.w3.org\/2000\/svg\" class=\"list-377408\" width=\"20px\" height=\"20px\" viewBox=\"0 0 24 24\" fill=\"none\"><path d=\"M6 6H4v2h2V6zm14 0H8v2h12V6zM4 11h2v2H4v-2zm16 0H8v2h12v-2zM4 16h2v2H4v-2zm16 0H8v2h12v-2z\" fill=\"currentColor\"><\/path><\/svg><svg style=\"fill: #999;color:#999\" class=\"arrow-unsorted-368013\" xmlns=\"http:\/\/www.w3.org\/2000\/svg\" width=\"10px\" height=\"10px\" viewBox=\"0 0 24 24\" version=\"1.2\" baseProfile=\"tiny\"><path d=\"M18.2 9.3l-6.2-6.3-6.2 6.3c-.2.2-.3.4-.3.7s.1.5.3.7c.2.2.4.3.7.3h11c.3 0 .5-.1.7-.3.2-.2.3-.5.3-.7s-.1-.5-.3-.7zM5.8 14.7l6.2 6.3 6.2-6.3c.2-.2.3-.5.3-.7s-.1-.5-.3-.7c-.2-.2-.4-.3-.7-.3h-11c-.3 0-.5.1-.7.3-.2.2-.3.5-.3.7s.1.5.3.7z\"\/><\/svg><\/span><\/span><\/label><input type=\"checkbox\"  id=\"ez-toc-cssicon-toggle-item-69f1d2c1d3233\"  aria-label=\"Toggle\" \/><nav><ul class='ez-toc-list ez-toc-list-level-1 ' ><li class='ez-toc-page-1 ez-toc-heading-level-2'><a class=\"ez-toc-link ez-toc-heading-1\" href=\"https:\/\/toukiela.com\/de\/wer-versteckt-sich-hinter-dem-grosen-kostenpunkt\/#Qui_a_cree_Grand_Frais\" >Qui a cr\u00e9\u00e9 Grand Frais ?<\/a><ul class='ez-toc-list-level-3' ><li class='ez-toc-heading-level-3'><a class=\"ez-toc-link ez-toc-heading-2\" href=\"https:\/\/toukiela.com\/de\/wer-versteckt-sich-hinter-dem-grosen-kostenpunkt\/#Qui_est_a_la_tete_de_Grand_Frais\" >Qui est \u00e0 la t\u00eate de Grand Frais ?<\/a><\/li><li class='ez-toc-page-1 ez-toc-heading-level-3'><a class=\"ez-toc-link ez-toc-heading-3\" href=\"https:\/\/toukiela.com\/de\/wer-versteckt-sich-hinter-dem-grosen-kostenpunkt\/#Qui_sont_les_freres_Bahadourian\" >Qui sont les fr\u00e8res Bahadourian ?<\/a><\/li><li class='ez-toc-page-1 ez-toc-heading-level-3'><a class=\"ez-toc-link ez-toc-heading-4\" href=\"https:\/\/toukiela.com\/de\/wer-versteckt-sich-hinter-dem-grosen-kostenpunkt\/#Qui_est_le_proprietaire_de_Grand_Frais\" >Qui est le propri\u00e9taire de Grand Frais ?<\/a><\/li><\/ul><\/li><li class='ez-toc-page-1 ez-toc-heading-level-2'><a class=\"ez-toc-link ez-toc-heading-5\" href=\"https:\/\/toukiela.com\/de\/wer-versteckt-sich-hinter-dem-grosen-kostenpunkt\/#Quel_est_lancien_nom_de_Grand_Frais\" >Quel est l\u2019ancien nom de Grand Frais ?<\/a><\/li><li class='ez-toc-page-1 ez-toc-heading-level-2'><a class=\"ez-toc-link ez-toc-heading-6\" href=\"https:\/\/toukiela.com\/de\/wer-versteckt-sich-hinter-dem-grosen-kostenpunkt\/#Quel_est_le_marche_le_plus_beau_de_France\" >Quel est le march\u00e9 le plus beau de France ?<\/a><ul class='ez-toc-list-level-3' ><li class='ez-toc-heading-level-3'><a class=\"ez-toc-link ez-toc-heading-7\" href=\"https:\/\/toukiela.com\/de\/wer-versteckt-sich-hinter-dem-grosen-kostenpunkt\/#Quel_est_le_meilleur_marche_de_France\" >Quel est le meilleur march\u00e9 de France ?<\/a><\/li><li class='ez-toc-page-1 ez-toc-heading-level-3'><a class=\"ez-toc-link ez-toc-heading-8\" href=\"https:\/\/toukiela.com\/de\/wer-versteckt-sich-hinter-dem-grosen-kostenpunkt\/#Qui_presente_le_plus_beau_marche_de_France\" >Qui pr\u00e9sente le plus beau march\u00e9 de France ?<\/a><\/li><li class='ez-toc-page-1 ez-toc-heading-level-3'><a class=\"ez-toc-link ez-toc-heading-9\" href=\"https:\/\/toukiela.com\/de\/wer-versteckt-sich-hinter-dem-grosen-kostenpunkt\/#Ou_est_le_plus_beau_marche_de_France\" >O\u00f9 est le plus beau march\u00e9 de France ?<\/a><\/li><\/ul><\/li><li class='ez-toc-page-1 ez-toc-heading-level-2'><a class=\"ez-toc-link ez-toc-heading-10\" href=\"https:\/\/toukiela.com\/de\/wer-versteckt-sich-hinter-dem-grosen-kostenpunkt\/#Quelle_est_la_difference_entre_le_magasin_Fresh_et_Grand_Frais\" >Quelle est la diff\u00e9rence entre le magasin Fresh et Grand Frais ?<\/a><ul class='ez-toc-list-level-3' ><li class='ez-toc-heading-level-3'><a class=\"ez-toc-link ez-toc-heading-11\" href=\"https:\/\/toukiela.com\/de\/wer-versteckt-sich-hinter-dem-grosen-kostenpunkt\/#Qui_se_cache_derriere_Grand_Frais\" >Qui se cache derri\u00e8re Grand Frais ?<\/a><\/li><li class='ez-toc-page-1 ez-toc-heading-level-3'><a class=\"ez-toc-link ez-toc-heading-12\" href=\"https:\/\/toukiela.com\/de\/wer-versteckt-sich-hinter-dem-grosen-kostenpunkt\/#Cest_quoi_les_magasins_Fresh\" >C\u2019est quoi les magasins Fresh ?<\/a><\/li><\/ul><\/li><\/ul><\/nav><\/div>\n<h2 class=\"wp-block-heading\"><span class=\"ez-toc-section\" id=\"Qui_a_cree_Grand_Frais\"><\/span>Qui a cr\u00e9\u00e9 Grand Frais ?<span class=\"ez-toc-section-end\"><\/span><\/h2>\r\n\r\n\r\n\r\n<figure><img decoding=\"async\" class=\"attachment-full size-full\" src=\"https:\/\/toukiela.com\/wp-content\/uploads\/2022\/08\/Qui-a-cree-Grand-Frais-.jpeg\" sizes=\"(max-width: 348px) 100vw, 348px\" srcset=\"https:\/\/i0.wp.com\/toukiela.com\/wp-content\/uploads\/2022\/08\/Qui-a-cree-Grand-Frais-.jpeg?w=348&amp;ssl=1 348w, https:\/\/i0.wp.com\/toukiela.com\/wp-content\/uploads\/2022\/08\/Qui-a-cree-Grand-Frais-.jpeg?resize=294%2C300&amp;ssl=1 294w, https:\/\/i0.wp.com\/toukiela.com\/wp-content\/uploads\/2022\/08\/Qui-a-cree-Grand-Frais-.jpeg?resize=12%2C12&amp;ssl=1 12w, https:\/\/i0.wp.com\/toukiela.com\/wp-content\/uploads\/2022\/08\/Qui-a-cree-Grand-Frais-.jpeg?resize=50%2C50&amp;ssl=1 50w\" alt=\"Qui a cr\u00e9\u00e9 Grand Frais ?\" width=\"348\" height=\"355\"><\/figure>\r\n\r\n\r\n\r\n<p>Quelle est l\u2019origine des magasins Grand Frais ? Cr\u00e9\u00e9e en 1992 en r\u00e9gion lyonnaise par Denis Dumont, grossiste en fruits et l\u00e9gumes, Grand Frais est sp\u00e9cialis\u00e9e dans les fruits, la boucherie et les produits laitiers et r\u00e9alise un chiffre d\u2019affaires d\u2019environ 1,8 milliard d\u2019euros.<\/p>\r\n\r\n\r\n\r\n<h3 class=\"wp-block-heading\"><span class=\"ez-toc-section\" id=\"Qui_est_a_la_tete_de_Grand_Frais\"><\/span>Qui est \u00e0 la t\u00eate de Grand Frais ?<span class=\"ez-toc-section-end\"><\/span><\/h3>\r\n\r\n\r\n\r\n<p>Grands Frais : 240 magasins aujourd\u2019hui Rejoint par L\u00e9o et Patrick Bahadourian, puis par David et Laurent Despinasse, troisi\u00e8me g\u00e9n\u00e9ration \u00e0 la t\u00eate du groupe de boucherie Despi \u00e0 Saint-Etienne, Denis Dumont a segment\u00e9 l\u2019activit\u00e9 en trois grandes entit\u00e9s, qui ont leur propre comptes d\u2019exploitation et employ\u00e9s.<\/p>\r\n\r\n\r\n\r\n<h3 class=\"wp-block-heading\"><span class=\"ez-toc-section\" id=\"Qui_sont_les_freres_Bahadourian\"><\/span>Qui sont les fr\u00e8res Bahadourian ?<span class=\"ez-toc-section-end\"><\/span><\/h3>\r\n\r\n\r\n\r\n<p>H\u00e9ritiers de la dynastie des \u00e9piciers lyonnais, L\u00e9o et Patrick Bahadourian dirigent le lucratif commerce de gros familial avec un certain app\u00e9tit pour les paradis fiscaux, Luxembourg en t\u00eate.<\/p>\r\n\r\n\r\n\r\n<h3 class=\"wp-block-heading\"><span class=\"ez-toc-section\" id=\"Qui_est_le_proprietaire_de_Grand_Frais\"><\/span>Qui est le propri\u00e9taire de Grand Frais ?<span class=\"ez-toc-section-end\"><\/span><\/h3>\r\n\r\n\r\n\r\n<p>Prosol, la branche fruits et l\u00e9gumes de la marque, valoris\u00e9e \u00e0 elle seule \u00e0 plus de 3 milliards d\u2019euros, a lanc\u00e9 il y a un an Mon-march\u00e9.fr, une offre e-commerce de produits frais. C\u2019est Denis Dumont, fondateur de Grand Frais, qui est \u00e0 l\u2019origine de cette nouvelle version de la marque.<\/p>\r\n\r\n\r\n\r\n<h2 class=\"wp-block-heading\"><span class=\"ez-toc-section\" id=\"Quel_est_lancien_nom_de_Grand_Frais\"><\/span>Quel est l\u2019ancien nom de Grand Frais ?<span class=\"ez-toc-section-end\"><\/span><\/h2>\r\n\r\n\r\n\r\n<p>Prosol, la branche fruits et l\u00e9gumes de la marque, valoris\u00e9e \u00e0 elle seule \u00e0 plus de 3 milliards d\u2019euros, a lanc\u00e9 il y a un an Mon-march\u00e9.fr, une offre e-commerce de produits frais. C\u2019est Denis Dumont, fondateur de Grand Frais, qui est \u00e0 l\u2019origine de cette nouvelle version de la marque.<\/p>\r\n\r\n\r\n\r\n<p>A qui appartiennent les magasins Grand Frais ? En 2020, les fr\u00e8res Bahadourian c\u00e8dent 60% d\u2019Euro Ethnic Foods, responsable de l\u2019activit\u00e9 \u00e9picerie de Grand Frais, au fonds d\u2019investissement PAI Partners. Euro Ethnic Foods r\u00e9alisait \u00e0 l\u2019\u00e9poque un chiffre d\u2019affaires de 450 millions d\u2019euros.<\/p>\r\n\r\n\r\n\r\n<h2 class=\"wp-block-heading\"><span class=\"ez-toc-section\" id=\"Quel_est_le_marche_le_plus_beau_de_France\"><\/span>Quel est le march\u00e9 le plus beau de France ?<span class=\"ez-toc-section-end\"><\/span><\/h2>\r\n\r\n\r\n\r\n<p>Votre meilleur march\u00e9 : les Halles de Narbonne remportent l\u2019\u00e9dition 2022 du concours TF1. Ce jeudi 30 juin, le gagnant du concours du journal \u00ab\u00a0TF1\u00a0\u00bb a \u00e9t\u00e9 annonc\u00e9 \u00e0 13h00. Les Halles de Narbonne sont \u00e9lues plus beau march\u00e9 de France apr\u00e8s neuf semaines de comp\u00e9tition face \u00e0 23 autres candidats.<\/p>\r\n\r\n\r\n\r\n<p>Quel march\u00e9 \u00e9tait consid\u00e9r\u00e9 comme le plus beau march\u00e9 de France ? Marie-Sophie Lacarrau l\u2019a annonc\u00e9 en direct \u00e0 13 heures sur TF1 : le march\u00e9 des Halles Narbonne, qui repr\u00e9sente la r\u00e9gion Languedoc-Roussillon, est \u00e9lu plus beau march\u00e9 de France. Narbonne succ\u00e8de \u00e0 \u00c9taples-sur-Mer, Dieppe, Montbrison et Sanary-sur-Mer.<\/p>\r\n\r\n\r\n\r\n<h3 class=\"wp-block-heading\"><span class=\"ez-toc-section\" id=\"Quel_est_le_meilleur_marche_de_France\"><\/span>Quel est le meilleur march\u00e9 de France ?<span class=\"ez-toc-section-end\"><\/span><\/h3>\r\n\r\n\r\n\r\n<p>Apr\u00e8s 9 semaines de comp\u00e9tition, le march\u00e9 des Halles de Narbonne, deuxi\u00e8me de la saison 4 l\u2019an dernier, l\u2019emporte devant les march\u00e9s de Vannes (Bretagne), Arras (Nord-Pas-de-Calais), Sotteville-l\u00e8s-Rouen (Haute Normandie) et Revel (Moyen-Pyr\u00e9n\u00e9es).<\/p>\r\n\r\n\r\n\r\n<h3 class=\"wp-block-heading\"><span class=\"ez-toc-section\" id=\"Qui_presente_le_plus_beau_marche_de_France\"><\/span>Qui pr\u00e9sente le plus beau march\u00e9 de France ?<span class=\"ez-toc-section-end\"><\/span><\/h3>\r\n\r\n\r\n\r\n<p>Trois animateurs qu\u2019on ne pr\u00e9sente plus, Evelyne Dh\u00e9liat, Denis Brogniart et Laurent Mariotte, accompagn\u00e9s de trois t\u00e9l\u00e9spectateurs : voici le \u00ab\u00a0super jury\u00a0\u00bb pour l\u2019\u00e9lection du plus beau march\u00e9 de France 2022, l\u2019op\u00e9ration du 13H de TF1 de Marie- Sophie Lacarrau.<\/p>\r\n\r\n\r\n\r\n<h3 class=\"wp-block-heading\"><span class=\"ez-toc-section\" id=\"Ou_est_le_plus_beau_marche_de_France\"><\/span>O\u00f9 est le plus beau march\u00e9 de France ?<span class=\"ez-toc-section-end\"><\/span><\/h3>\r\n\r\n\r\n\r\n<p>Apr\u00e8s avoir manqu\u00e9 de peu en 2021, le march\u00e9 des Halles de Narbonne a \u00e9t\u00e9 massivement submerg\u00e9 par les spectateurs lors de cette cinqui\u00e8me \u00e9dition du concours, succ\u00e9dant \u00e0 \u00c9taples-sur-mer, laur\u00e9at 2021. Le march\u00e9 de Vannes, en Bretagne, et celui d\u2019Arras, dans le Nord \u2013 Le Pas-de-Calais compl\u00e8te le podium.<\/p>\r\n\r\n\r\n\r\n<h2 class=\"wp-block-heading\"><span class=\"ez-toc-section\" id=\"Quelle_est_la_difference_entre_le_magasin_Fresh_et_Grand_Frais\"><\/span>Quelle est la diff\u00e9rence entre le magasin Fresh et Grand Frais ?<span class=\"ez-toc-section-end\"><\/span><\/h2>\r\n\r\n\r\n\r\n<p>Fresh est le nouveau concept de Grand Frais, groupe national sp\u00e9cialis\u00e9 dans la vente de produits alimentaires qui a pour objectif de proposer \u00e0 ses clients des produits 100% frais. Ce nouveau format de magasin est mis en place par Grand Frais pour \u00e9tendre son march\u00e9 aux petites villes.<\/p>\r\n\r\n\r\n\r\n<p>Qu\u2019est-ce que le magasin Grand Frais ? Grand Frais est une enseigne qui renouvelle l\u2019achat alimentaire, s\u2019inspirant de l\u2019ambiance et de l\u2019esprit des halles traditionnelles et des halles : ses magasins r\u00e9unissent en un m\u00eame lieu 5 professionnels de la restauration, un Primeur, un Epicier du monde, un Boucher-Charcutier, une cr\u00e8me et un\u2026<\/p>\r\n\r\n\r\n\r\n<h3 class=\"wp-block-heading\"><span class=\"ez-toc-section\" id=\"Qui_se_cache_derriere_Grand_Frais\"><\/span>Qui se cache derri\u00e8re Grand Frais ?<span class=\"ez-toc-section-end\"><\/span><\/h3>\r\n\r\n\r\n\r\n<p>En trente ans \u00e0 peine, le fondateur de Grand Frais Denis Dumont et les fr\u00e8res L\u00e9o et Patrick Bahadourian, responsables des rayons \u00e9picerie, ont accumul\u00e9 une fortune colossale. Et comme de nombreux milliardaires fran\u00e7ais, ils se sont install\u00e9s en Suisse.<\/p>\r\n\r\n\r\n\r\n<h3 class=\"wp-block-heading\"><span class=\"ez-toc-section\" id=\"Cest_quoi_les_magasins_Fresh\"><\/span>C\u2019est quoi les magasins Fresh ?<span class=\"ez-toc-section-end\"><\/span><\/h3>\r\n\r\n\r\n\r\n<p>Le concept, sign\u00e9 Grand Frais pour les villes moyennes, s\u2019ouvre sur la fa\u00e7ade ouest \u00e0 travers son magasin num\u00e9ro 30. Fresh propose environ 1 300 r\u00e9f\u00e9rences de fruits et l\u00e9gumes, bouchers, poissonniers, laiteries et traiteurs dans un espace de 500 m\u00b2 calqu\u00e9 sur un march\u00e9 traditionnel avec ses \u00e9tals.<\/p>\r\n\r\n<p><script type=\"application\/ld+json\">{\"@context\":\"https:\/\/schema.org\",\"@type\":\"FAQPage\",\"mainEntity\":[{\"@type\":\"Question\",\"name\":\"Qui a cr&eacute;&eacute; Grand Frais ?\",\"acceptedAnswer\":{\"@type\":\"Answer\",\"text\":\"Quelle est l'origine des magasins Grand Frais ? Cr&eacute;&eacute;e en 1992 en r&eacute;gion lyonnaise par Denis Dumont, grossiste en fruits et l&eacute;gumes, Grand Frais est sp&eacute;cialis&eacute;e dans les fruits, la boucherie et les produits laitiers et r&eacute;alise un chiffre d'affaires d'environ 1,8 milliard d'euros.\"}},{\"@type\":\"Question\",\"name\":\"Quel est l'ancien nom de Grand Frais ?\",\"acceptedAnswer\":{\"@type\":\"Answer\",\"text\":\"Prosol, la branche fruits et l&eacute;gumes de la marque, valoris&eacute;e &agrave; elle seule &agrave; plus de 3 milliards d'euros, a lanc&eacute; il y a un an Mon-march&eacute;.fr, une offre e-commerce de produits frais. C'est Denis Dumont, fondateur de Grand Frais, qui est &agrave; l'origine de cette nouvelle version de la marque.A qui appartiennent les magasins Grand Frais ? En 2020, les fr&egrave;res Bahadourian c&egrave;dent 60% d'Euro Ethnic Foods, responsable de l'activit&eacute; &eacute;picerie de Grand Frais, au fonds d'investissement PAI Partners. Euro Ethnic Foods r&eacute;alisait &agrave; l'&eacute;poque un chiffre d'affaires de 450 millions d'euros.\"}},{\"@type\":\"Question\",\"name\":\"Quel est le march&eacute; le plus beau de France ?\",\"acceptedAnswer\":{\"@type\":\"Answer\",\"text\":\"Votre meilleur march&eacute; : les Halles de Narbonne remportent l'&eacute;dition 2022 du concours TF1. Ce jeudi 30 juin, le gagnant du concours du journal \\\"TF1\\\" a &eacute;t&eacute; annonc&eacute; &agrave; 13h00. Les Halles de Narbonne sont &eacute;lues plus beau march&eacute; de France apr&egrave;s neuf semaines de comp&eacute;tition face &agrave; 23 autres candidats.Quel march&eacute; &eacute;tait consid&eacute;r&eacute; comme le plus beau march&eacute; de France ? Marie-Sophie Lacarrau l'a annonc&eacute; en direct &agrave; 13 heures sur TF1 : le march&eacute; des Halles Narbonne, qui repr&eacute;sente la r&eacute;gion Languedoc-Roussillon, est &eacute;lu plus beau march&eacute; de France. Narbonne succ&egrave;de &agrave; &Eacute;taples-sur-Mer, Dieppe, Montbrison et Sanary-sur-Mer.\"}},{\"@type\":\"Question\",\"name\":\"Quelle est la diff&eacute;rence entre le magasin Fresh et Grand Frais ?\",\"acceptedAnswer\":{\"@type\":\"Answer\",\"text\":\"Fresh est le nouveau concept de Grand Frais, groupe national sp&eacute;cialis&eacute; dans la vente de produits alimentaires qui a pour objectif de proposer &agrave; ses clients des produits 100% frais. Ce nouveau format de magasin est mis en place par Grand Frais pour &eacute;tendre son march&eacute; aux petites villes.Qu'est-ce que le magasin Grand Frais ? Grand Frais est une enseigne qui renouvelle l'achat alimentaire, s'inspirant de l'ambiance et de l'esprit des halles traditionnelles et des halles : ses magasins r&eacute;unissent en un m&ecirc;me lieu 5 professionnels de la restauration, un Primeur, un Epicier du monde, un Boucher-Charcutier, une cr&egrave;me et un...\"}}]}<\/script><\/p>\n\n","protected":false},"excerpt":{"rendered":"","protected":false},"author":3,"featured_media":3404,"comment_status":"open","ping_status":"open","sticky":false,"template":"","format":"standard","meta":{"_seopress_robots_primary_cat":"none","_seopress_titles_title":"","_seopress_titles_desc":"","_seopress_robots_index":"","footnotes":""},"categories":[31],"tags":[],"class_list":["post-3403","post","type-post","status-publish","format-standard","has-post-thumbnail","hentry","category-life-style","generate-columns","tablet-grid-50","mobile-grid-100","grid-parent","grid-50"],"_links":{"self":[{"href":"https:\/\/toukiela.com\/de\/wp-json\/wp\/v2\/posts\/3403","targetHints":{"allow":["GET"]}}],"collection":[{"href":"https:\/\/toukiela.com\/de\/wp-json\/wp\/v2\/posts"}],"about":[{"href":"https:\/\/toukiela.com\/de\/wp-json\/wp\/v2\/types\/post"}],"author":[{"embeddable":true,"href":"https:\/\/toukiela.com\/de\/wp-json\/wp\/v2\/users\/3"}],"replies":[{"embeddable":true,"href":"https:\/\/toukiela.com\/de\/wp-json\/wp\/v2\/comments?post=3403"}],"version-history":[{"count":0,"href":"https:\/\/toukiela.com\/de\/wp-json\/wp\/v2\/posts\/3403\/revisions"}],"wp:featuredmedia":[{"embeddable":true,"href":"https:\/\/toukiela.com\/de\/wp-json\/wp\/v2\/media\/3404"}],"wp:attachment":[{"href":"https:\/\/toukiela.com\/de\/wp-json\/wp\/v2\/media?parent=3403"}],"wp:term":[{"taxonomy":"category","embeddable":true,"href":"https:\/\/toukiela.com\/de\/wp-json\/wp\/v2\/categories?post=3403"},{"taxonomy":"post_tag","embeddable":true,"href":"https:\/\/toukiela.com\/de\/wp-json\/wp\/v2\/tags?post=3403"}],"curies":[{"name":"wp","href":"https:\/\/api.w.org\/{rel}","templated":true}]}}