{"id":2916,"date":"2022-06-29T09:28:24","date_gmt":"2022-06-29T09:28:24","guid":{"rendered":"https:\/\/toukiela.com\/notre-avis-quelles-sont-les-assurances-obligatoires-pour-les-entreprises\/"},"modified":"2022-07-26T16:12:08","modified_gmt":"2022-07-26T16:12:08","slug":"notre-avis-quelles-sont-les-assurances-obligatoires-pour-les-entreprises","status":"publish","type":"post","link":"https:\/\/toukiela.com\/de\/notre-avis-quelles-sont-les-assurances-obligatoires-pour-les-entreprises\/","title":{"rendered":"Unsere Meinung Welche Versicherungen sind f\u00fcr Unternehmen obligatorisch?"},"content":{"rendered":"<p>Il existe quelques assurances obligatoires que les entreprises doivent avoir pour pouvoir op\u00e9rer l\u00e9galement aux \u00c9tats-Unis. L\u2019assurance contre les accidents du travail est l\u2019une d\u2019entre elles, car elle prot\u00e8ge les employ\u00e9s au cas o\u00f9 ils seraient bless\u00e9s ou tomberaient malades en raison de leur travail. L\u2019assurance maladie en est une autre, car elle garantit que les employ\u00e9s ont acc\u00e8s \u00e0 des soins m\u00e9dicaux en cas d\u2019urgence. Enfin, l\u2019assurance responsabilit\u00e9 civile est importante pour les entreprises, car elle peut contribuer \u00e0 les prot\u00e9ger contre des dommages juridiques co\u00fbteux en cas de probl\u00e8me.<\/p>\r\n<p>Il existe quelques autres types d\u2019assurance que les entreprises peuvent envisager, en fonction de leurs besoins. Par exemple, l\u2019assurance des biens peut aider \u00e0 couvrir les co\u00fbts des dommages caus\u00e9s aux biens de l\u2019entreprise, tandis que l\u2019assurance responsabilit\u00e9 civile des produits peut aider \u00e0 se prot\u00e9ger contre les poursuites si un produit vendu par l\u2019entreprise cause des blessures ou des dommages. Les entreprises poss\u00e9dant des v\u00e9hicules peuvent \u00e9galement vouloir souscrire une assurance automobile commerciale, et celles qui traitent des informations sensibles peuvent vouloir investir dans une assurance contre les atteintes \u00e0 la protection des donn\u00e9es. En fin de compte, la meilleure fa\u00e7on de d\u00e9terminer le type d\u2019assurance qui convient \u00e0 une entreprise est de parler avec un agent ou un courtier exp\u00e9riment\u00e9.<\/p>\r\n<div id=\"ez-toc-container\" class=\"ez-toc-v2_0_82_2 counter-hierarchy ez-toc-counter ez-toc-grey ez-toc-container-direction\">\n<p class=\"ez-toc-title\" style=\"cursor:inherit\">Sommaire<\/p>\n<label for=\"ez-toc-cssicon-toggle-item-69f1d29e8a74e\" class=\"ez-toc-cssicon-toggle-label\"><span class=\"\"><span class=\"eztoc-hide\" style=\"display:none;\">Toggle<\/span><span class=\"ez-toc-icon-toggle-span\"><svg style=\"fill: #999;color:#999\" xmlns=\"http:\/\/www.w3.org\/2000\/svg\" class=\"list-377408\" width=\"20px\" height=\"20px\" viewBox=\"0 0 24 24\" fill=\"none\"><path d=\"M6 6H4v2h2V6zm14 0H8v2h12V6zM4 11h2v2H4v-2zm16 0H8v2h12v-2zM4 16h2v2H4v-2zm16 0H8v2h12v-2z\" fill=\"currentColor\"><\/path><\/svg><svg style=\"fill: #999;color:#999\" class=\"arrow-unsorted-368013\" xmlns=\"http:\/\/www.w3.org\/2000\/svg\" width=\"10px\" height=\"10px\" viewBox=\"0 0 24 24\" version=\"1.2\" baseProfile=\"tiny\"><path d=\"M18.2 9.3l-6.2-6.3-6.2 6.3c-.2.2-.3.4-.3.7s.1.5.3.7c.2.2.4.3.7.3h11c.3 0 .5-.1.7-.3.2-.2.3-.5.3-.7s-.1-.5-.3-.7zM5.8 14.7l6.2 6.3 6.2-6.3c.2-.2.3-.5.3-.7s-.1-.5-.3-.7c-.2-.2-.4-.3-.7-.3h-11c-.3 0-.5.1-.7.3-.2.2-.3.5-.3.7s.1.5.3.7z\"\/><\/svg><\/span><\/span><\/label><input type=\"checkbox\"  id=\"ez-toc-cssicon-toggle-item-69f1d29e8a74e\"  aria-label=\"Toggle\" \/><nav><ul class='ez-toc-list ez-toc-list-level-1 ' ><li class='ez-toc-page-1 ez-toc-heading-level-2'><a class=\"ez-toc-link ez-toc-heading-1\" href=\"https:\/\/toukiela.com\/de\/notre-avis-quelles-sont-les-assurances-obligatoires-pour-les-entreprises\/#Est-ce_que_la_responsabilite_civile_vie_privee_est_obligatoire\" >Est-ce que la responsabilit\u00e9 civile vie priv\u00e9e est obligatoire ?<\/a><ul class='ez-toc-list-level-3' ><li class='ez-toc-heading-level-3'><a class=\"ez-toc-link ez-toc-heading-2\" href=\"https:\/\/toukiela.com\/de\/notre-avis-quelles-sont-les-assurances-obligatoires-pour-les-entreprises\/#Quelles_sont_les_responsabilites_civiles_obligatoires\" >Quelles sont les responsabilit\u00e9s civiles obligatoires ?<\/a><\/li><li class='ez-toc-page-1 ez-toc-heading-level-3'><a class=\"ez-toc-link ez-toc-heading-3\" href=\"https:\/\/toukiela.com\/de\/notre-avis-quelles-sont-les-assurances-obligatoires-pour-les-entreprises\/#Est-il_obligatoire_davoir_une_assurance_de_responsabilite_civile\" >Est-il obligatoire d\u2019avoir une assurance de responsabilit\u00e9 civile ?<\/a><\/li><\/ul><\/li><li class='ez-toc-page-1 ez-toc-heading-level-2'><a class=\"ez-toc-link ez-toc-heading-4\" href=\"https:\/\/toukiela.com\/de\/notre-avis-quelles-sont-les-assurances-obligatoires-pour-les-entreprises\/#Quest-ce_que_le_repos_compensateur_de_remplacement\" >Qu\u2019est-ce que le repos compensateur de remplacement ?<\/a><ul class='ez-toc-list-level-3' ><li class='ez-toc-heading-level-3'><a class=\"ez-toc-link ez-toc-heading-5\" href=\"https:\/\/toukiela.com\/de\/notre-avis-quelles-sont-les-assurances-obligatoires-pour-les-entreprises\/#Comment_se_calcule_le_repos_compensateur_de_remplacement\" >Comment se calcule le repos compensateur de remplacement ?<\/a><\/li><li class='ez-toc-page-1 ez-toc-heading-level-3'><a class=\"ez-toc-link ez-toc-heading-6\" href=\"https:\/\/toukiela.com\/de\/notre-avis-quelles-sont-les-assurances-obligatoires-pour-les-entreprises\/#Quel_est_le_principe_du_repos_compensateur\" >Quel est le principe du repos compensateur ?<\/a><\/li><li class='ez-toc-page-1 ez-toc-heading-level-3'><a class=\"ez-toc-link ez-toc-heading-7\" href=\"https:\/\/toukiela.com\/de\/notre-avis-quelles-sont-les-assurances-obligatoires-pour-les-entreprises\/#Quand_A-t-on_droit_au_repos_compensateur\" >Quand A-t-on droit au repos compensateur ?<\/a><\/li><\/ul><\/li><li class='ez-toc-page-1 ez-toc-heading-level-2'><a class=\"ez-toc-link ez-toc-heading-8\" href=\"https:\/\/toukiela.com\/de\/notre-avis-quelles-sont-les-assurances-obligatoires-pour-les-entreprises\/#Qui_est_concerne_par_la_RC_Pro\" >Qui est concern\u00e9 par la RC Pro ?<\/a><ul class='ez-toc-list-level-3' ><li class='ez-toc-heading-level-3'><a class=\"ez-toc-link ez-toc-heading-9\" href=\"https:\/\/toukiela.com\/de\/notre-avis-quelles-sont-les-assurances-obligatoires-pour-les-entreprises\/#Pourquoi_prendre_une_assurance_responsabilite_civile_professionnelle\" >Pourquoi prendre une assurance responsabilit\u00e9 civile professionnelle ?<\/a><\/li><li class='ez-toc-page-1 ez-toc-heading-level-3'><a class=\"ez-toc-link ez-toc-heading-10\" href=\"https:\/\/toukiela.com\/de\/notre-avis-quelles-sont-les-assurances-obligatoires-pour-les-entreprises\/#Qui_nest_pas_concerne_par_la_RC_des_dirigeants\" >Qui n\u2019est pas concern\u00e9 par la RC des dirigeants ?<\/a><\/li><li class='ez-toc-page-1 ez-toc-heading-level-3'><a class=\"ez-toc-link ez-toc-heading-11\" href=\"https:\/\/toukiela.com\/de\/notre-avis-quelles-sont-les-assurances-obligatoires-pour-les-entreprises\/#Qui_peut_souscrire_une_RC_Pro\" >Qui peut souscrire une RC Pro ?<\/a><\/li><\/ul><\/li><\/ul><\/nav><\/div>\n<h2 class=\"wp-block-heading\"><span class=\"ez-toc-section\" id=\"Est-ce_que_la_responsabilite_civile_vie_privee_est_obligatoire\"><\/span>Est-ce que la responsabilit\u00e9 civile vie priv\u00e9e est obligatoire ?<span class=\"ez-toc-section-end\"><\/span><\/h2>\r\n\r\n\r\n\r\n<p>La plupart des polices d\u2019assurance habitation incluent une garantie de responsabilit\u00e9 civile. Obligatoire, cela inclut vous et les membres de votre m\u00e9nage si vous \u00eates responsable de tout dommage ou blessure caus\u00e9 \u00e0 un tiers.<\/p>\r\n\r\n\r\n\r\n<p>Qu\u2019est-ce que la responsabilit\u00e9 civile ? Tout dommage caus\u00e9 \u00e0 autrui, m\u00eame involontairement, entra\u00eenera votre responsabilit\u00e9 civile et des dommages et int\u00e9r\u00eats. La responsabilit\u00e9 civile vous prot\u00e8ge des cons\u00e9quences financi\u00e8res si vous \u00eates responsable des dommages.<\/p>\r\n\r\n\r\n\r\n<h3 class=\"wp-block-heading\"><span class=\"ez-toc-section\" id=\"Quelles_sont_les_responsabilites_civiles_obligatoires\"><\/span>Quelles sont les responsabilit\u00e9s civiles obligatoires ?<span class=\"ez-toc-section-end\"><\/span><\/h3>\r\n\r\n\r\n\r\n<p>La responsabilit\u00e9 civile est l\u2019obligation de r\u00e9parer les dommages caus\u00e9s \u00e0 autrui. En mati\u00e8re d\u2019assurance habitation, il s\u2019agit de r\u00e9parer les d\u00e9g\u00e2ts caus\u00e9s par certains \u00e9l\u00e9ments de votre habitation : fuite d\u2019eau, chute d\u2019arbre, chute de mur, incendie, etc\u2026<\/p>\r\n\r\n\r\n\r\n<h3 class=\"wp-block-heading\"><span class=\"ez-toc-section\" id=\"Est-il_obligatoire_davoir_une_assurance_de_responsabilite_civile\"><\/span>Est-il obligatoire d\u2019avoir une assurance de responsabilit\u00e9 civile ?<span class=\"ez-toc-section-end\"><\/span><\/h3>\r\n\r\n\r\n\r\n<p>En France, les locataires sont obligatoirement assur\u00e9s en responsabilit\u00e9 civile. Il est donc tr\u00e8s important de conclure un contrat multirisque habitation, qui couvre \u00e0 la fois les risques locatifs et la responsabilit\u00e9 civile priv\u00e9e.<\/p>\r\n\r\n\r\n\r\n<h2 class=\"wp-block-heading\"><span class=\"ez-toc-section\" id=\"Quest-ce_que_le_repos_compensateur_de_remplacement\"><\/span>Qu\u2019est-ce que le repos compensateur de remplacement ?<span class=\"ez-toc-section-end\"><\/span><\/h2>\r\n\r\n\r\n\r\n<p>Le repos compensateur substitutif est l\u2019oppos\u00e9 du cong\u00e9 qui se substitue \u00e0 la r\u00e9mun\u00e9ration des heures suppl\u00e9mentaires. Ainsi, les heures suppl\u00e9mentaires ne comprennent pas les heures travaill\u00e9es plus longtemps que d\u2019habitude, qui sont compens\u00e9es par des cong\u00e9s.<\/p>\r\n\r\n\r\n\r\n<p>Qu\u2019est-ce que la RCR\u00a0? On l\u2019appelle aussi \u00ab cong\u00e9 compensatoire \u00bb (RCR). Le cong\u00e9 compensatoire est particuli\u00e8rement utile si le salari\u00e9 doit travailler le dimanche, la nuit ou les jours f\u00e9ri\u00e9s.<\/p>\r\n\r\n\r\n\r\n<h3 class=\"wp-block-heading\"><span class=\"ez-toc-section\" id=\"Comment_se_calcule_le_repos_compensateur_de_remplacement\"><\/span>Comment se calcule le repos compensateur de remplacement ?<span class=\"ez-toc-section-end\"><\/span><\/h3>\r\n\r\n\r\n\r\n<p>Les salari\u00e9s sont cens\u00e9s b\u00e9n\u00e9ficier d\u2019un cong\u00e9 compensatoire aux conditions suivantes : une majoration de 125 % pour les heures travaill\u00e9es au-del\u00e0 de 35 heures. Si un salari\u00e9 travaille 4 heures suppl\u00e9mentaires par semaine pendant 35 heures, il b\u00e9n\u00e9ficiera de 5 heures de cong\u00e9 (4 x 125 % = 5).<\/p>\r\n\r\n\r\n\r\n<h3 class=\"wp-block-heading\"><span class=\"ez-toc-section\" id=\"Quel_est_le_principe_du_repos_compensateur\"><\/span>Quel est le principe du repos compensateur ?<span class=\"ez-toc-section-end\"><\/span><\/h3>\r\n\r\n\r\n\r\n<p>Le repos compensateur est un syst\u00e8me qui pr\u00e9voit un repos pour compenser les heures suppl\u00e9mentaires effectu\u00e9es au-del\u00e0 de leur nombre d\u2019heures annuel.<\/p>\r\n\r\n\r\n\r\n<h3 class=\"wp-block-heading\"><span class=\"ez-toc-section\" id=\"Quand_A-t-on_droit_au_repos_compensateur\"><\/span>Quand A-t-on droit au repos compensateur ?<span class=\"ez-toc-section-end\"><\/span><\/h3>\r\n\r\n\r\n\r\n<p>Cong\u00e9 compensatoire obligatoire dans une entreprise de plus de 20 salari\u00e9s. Pour les heures travaill\u00e9es au-del\u00e0 d\u2019un quota annuel, le temps de repos l\u00e9gal est de 100 % du temps travaill\u00e9 apr\u00e8s 35 heures : chaque heure suppl\u00e9mentaire donne alors droit \u00e0 une heure de repos compensatoire.<\/p>\r\n\r\n\r\n\r\n<h2 class=\"wp-block-heading\"><span class=\"ez-toc-section\" id=\"Qui_est_concerne_par_la_RC_Pro\"><\/span>Qui est concern\u00e9 par la RC Pro ?<span class=\"ez-toc-section-end\"><\/span><\/h2>\r\n\r\n\r\n\r\n<p>L\u2019assurance responsabilit\u00e9 civile professionnelle (RC Pro) est une excellente assurance pour les entreprises. Commer\u00e7ant, artisan, soci\u00e9t\u00e9 de service, industriel, soci\u00e9t\u00e9 de n\u00e9goce\u2026. La garantie RC Pro est recommand\u00e9e pour toutes les entreprises et m\u00eame obligatoire pour certaines professions.<\/p>\r\n\r\n\r\n\r\n<p>Qu\u2019est-ce que la responsabilit\u00e9 civile professionnelle ? Qu\u2019est-ce que la responsabilit\u00e9 civile professionnelle ? Les activit\u00e9s de l\u2019entreprise peuvent causer des dommages \u00e0 des tiers, qui ont alors le droit de r\u00e9clamer des dommages et int\u00e9r\u00eats. C\u2019est exactement le risque qui peut \u00eatre couvert par une assurance responsabilit\u00e9 civile.<\/p>\r\n\r\n\r\n\r\n<h3 class=\"wp-block-heading\"><span class=\"ez-toc-section\" id=\"Pourquoi_prendre_une_assurance_responsabilite_civile_professionnelle\"><\/span>Pourquoi prendre une assurance responsabilit\u00e9 civile professionnelle ?<span class=\"ez-toc-section-end\"><\/span><\/h3>\r\n\r\n\r\n\r\n<p>Pourquoi souscrire une assurance responsabilit\u00e9 civile professionnelle ? Toute entreprise a l\u2019obligation de r\u00e9parer les dommages caus\u00e9s \u00e0 autrui par ses personnes ou ses biens responsables. Ces pertes peuvent entra\u00eener une compensation importante pour l\u2019entreprise.<\/p>\r\n\r\n\r\n\r\n<h3 class=\"wp-block-heading\"><span class=\"ez-toc-section\" id=\"Qui_nest_pas_concerne_par_la_RC_des_dirigeants\"><\/span>Qui n\u2019est pas concern\u00e9 par la RC des dirigeants ?<span class=\"ez-toc-section-end\"><\/span><\/h3>\r\n\r\n\r\n\r\n<p>Habituellement, l\u2019assurance responsabilit\u00e9 civile du dirigeant n\u2019est pas souscrite pour les entrepreneurs individuels, tels que les artisans, les commer\u00e7ants ou les ind\u00e9pendants. Ces derniers ne peuvent \u00eatre distingu\u00e9s de leur entreprise par l\u2019exercice de leurs activit\u00e9s.<\/p>\r\n\r\n\r\n\r\n<h3 class=\"wp-block-heading\"><span class=\"ez-toc-section\" id=\"Qui_peut_souscrire_une_RC_Pro\"><\/span>Qui peut souscrire une RC Pro ?<span class=\"ez-toc-section-end\"><\/span><\/h3>\r\n\r\n\r\n\r\n<p>Il s\u2019agit, en substance, de certaines professions r\u00e9glement\u00e9es, des entreprises de construction et de transport. Cette disposition s\u2019applique aux professionnels exer\u00e7ant dans l\u2019un des domaines suivants (la liste n\u2019est pas exhaustive) : soins de sant\u00e9 : m\u00e9decin, sage-femme, ost\u00e9opathe, infirmier, dentiste\u2026<\/p>\r\n\r\n<p><script type=\"application\/ld+json\">{\"@context\":\"https:\/\/schema.org\",\"@type\":\"FAQPage\",\"mainEntity\":[{\"@type\":\"Question\",\"name\":\"Est-ce que la responsabilit&eacute; civile vie priv&eacute;e est obligatoire ?\",\"acceptedAnswer\":{\"@type\":\"Answer\",\"text\":\"La plupart des polices d'assurance habitation incluent une garantie de responsabilit&eacute; civile. Obligatoire, cela inclut vous et les membres de votre m&eacute;nage si vous &ecirc;tes responsable de tout dommage ou blessure caus&eacute; &agrave; un tiers.Qu'est-ce que la responsabilit&eacute; civile ? Tout dommage caus&eacute; &agrave; autrui, m&ecirc;me involontairement, entra&icirc;nera votre responsabilit&eacute; civile et des dommages et int&eacute;r&ecirc;ts. La responsabilit&eacute; civile vous prot&egrave;ge des cons&eacute;quences financi&egrave;res si vous &ecirc;tes responsable des dommages.\"}},{\"@type\":\"Question\",\"name\":\"Qu'est-ce que le repos compensateur de remplacement ?\",\"acceptedAnswer\":{\"@type\":\"Answer\",\"text\":\"Le repos compensateur substitutif est l'oppos&eacute; du cong&eacute; qui se substitue &agrave; la r&eacute;mun&eacute;ration des heures suppl&eacute;mentaires. Ainsi, les heures suppl&eacute;mentaires ne comprennent pas les heures travaill&eacute;es plus longtemps que d'habitude, qui sont compens&eacute;es par des cong&eacute;s.Qu'est-ce que la RCR&nbsp;? On l'appelle aussi &laquo; cong&eacute; compensatoire &raquo; (RCR). Le cong&eacute; compensatoire est particuli&egrave;rement utile si le salari&eacute; doit travailler le dimanche, la nuit ou les jours f&eacute;ri&eacute;s.\"}},{\"@type\":\"Question\",\"name\":\"Qui est concern&eacute; par la RC Pro ?\",\"acceptedAnswer\":{\"@type\":\"Answer\",\"text\":\"L'assurance responsabilit&eacute; civile professionnelle (RC Pro) est une excellente assurance pour les entreprises. Commer&ccedil;ant, artisan, soci&eacute;t&eacute; de service, industriel, soci&eacute;t&eacute; de n&eacute;goce&hellip;. La garantie RC Pro est recommand&eacute;e pour toutes les entreprises et m&ecirc;me obligatoire pour certaines professions.Qu'est-ce que la responsabilit&eacute; civile professionnelle ? Qu'est-ce que la responsabilit&eacute; civile professionnelle ? Les activit&eacute;s de l'entreprise peuvent causer des dommages &agrave; des tiers, qui ont alors le droit de r&eacute;clamer des dommages et int&eacute;r&ecirc;ts. C'est exactement le risque qui peut &ecirc;tre couvert par une assurance responsabilit&eacute; civile.\"}}]}<\/script><\/p>\n\n","protected":false},"excerpt":{"rendered":"","protected":false},"author":3,"featured_media":2917,"comment_status":"open","ping_status":"open","sticky":false,"template":"","format":"standard","meta":{"_seopress_robots_primary_cat":"none","_seopress_titles_title":"","_seopress_titles_desc":"","_seopress_robots_index":"","footnotes":""},"categories":[30],"tags":[],"class_list":["post-2916","post","type-post","status-publish","format-standard","has-post-thumbnail","hentry","category-assurances","generate-columns","tablet-grid-50","mobile-grid-100","grid-parent","grid-50"],"_links":{"self":[{"href":"https:\/\/toukiela.com\/de\/wp-json\/wp\/v2\/posts\/2916","targetHints":{"allow":["GET"]}}],"collection":[{"href":"https:\/\/toukiela.com\/de\/wp-json\/wp\/v2\/posts"}],"about":[{"href":"https:\/\/toukiela.com\/de\/wp-json\/wp\/v2\/types\/post"}],"author":[{"embeddable":true,"href":"https:\/\/toukiela.com\/de\/wp-json\/wp\/v2\/users\/3"}],"replies":[{"embeddable":true,"href":"https:\/\/toukiela.com\/de\/wp-json\/wp\/v2\/comments?post=2916"}],"version-history":[{"count":0,"href":"https:\/\/toukiela.com\/de\/wp-json\/wp\/v2\/posts\/2916\/revisions"}],"wp:featuredmedia":[{"embeddable":true,"href":"https:\/\/toukiela.com\/de\/wp-json\/wp\/v2\/media\/2917"}],"wp:attachment":[{"href":"https:\/\/toukiela.com\/de\/wp-json\/wp\/v2\/media?parent=2916"}],"wp:term":[{"taxonomy":"category","embeddable":true,"href":"https:\/\/toukiela.com\/de\/wp-json\/wp\/v2\/categories?post=2916"},{"taxonomy":"post_tag","embeddable":true,"href":"https:\/\/toukiela.com\/de\/wp-json\/wp\/v2\/tags?post=2916"}],"curies":[{"name":"wp","href":"https:\/\/api.w.org\/{rel}","templated":true}]}}