{"id":2644,"date":"2022-06-22T01:22:13","date_gmt":"2022-06-22T01:22:13","guid":{"rendered":"https:\/\/toukiela.com\/qui-a-cree-bleu-de-chanel-month-year\/"},"modified":"2022-07-26T16:34:44","modified_gmt":"2022-07-26T16:34:44","slug":"qui-a-cree-bleu-de-chanel-month-year","status":"publish","type":"post","link":"https:\/\/toukiela.com\/de\/qui-a-cree-bleu-de-chanel-month-year\/","title":{"rendered":"Qui a cr\u00e9\u00e9 Bleu de Chanel ? April 2026"},"content":{"rendered":"<p>Chanel a cr\u00e9\u00e9 le Bleu de Chanel en [mois] [ann\u00e9e]. Il pr\u00e9sente des notes de t\u00eate d\u2019agrumes et de gingembre, des notes de c\u0153ur de patchouli et de jasmin, et des notes de fond de v\u00e9tiver et de c\u00e8dre.<\/p>\r\n<p>Le Bleu de Chanel est un classique intemporel qui a r\u00e9sist\u00e9 \u00e0 l\u2019\u00e9preuve du temps. Il est parfait pour toute occasion, que vous sortiez pour une soir\u00e9e en ville ou que vous souhaitiez simplement vous sentir confiante et sexy. Ce parfum est s\u00fbr de faire tourner les t\u00eates et de vous faire remarquer.<\/p>\r\n<p><strong>1 \u2013 Le parfum Chanel Coco Mademoiselle Chanel Coco Mademoiselle s\u2019inspire, comme Gabrielle, de la cr\u00e9atrice de la maison Chanel. C\u2019est un parfum pour toutes les femmes libres et d\u00e9contract\u00e9es. Avec lui, toutes les contradictions sont permises.<\/strong><\/p>\r\n\r\n\r\n\r\n<div id=\"ez-toc-container\" class=\"ez-toc-v2_0_82_2 counter-hierarchy ez-toc-counter ez-toc-grey ez-toc-container-direction\">\n<p class=\"ez-toc-title\" style=\"cursor:inherit\">Sommaire<\/p>\n<label for=\"ez-toc-cssicon-toggle-item-69f20e47732ab\" class=\"ez-toc-cssicon-toggle-label\"><span class=\"\"><span class=\"eztoc-hide\" style=\"display:none;\">Toggle<\/span><span class=\"ez-toc-icon-toggle-span\"><svg style=\"fill: #999;color:#999\" xmlns=\"http:\/\/www.w3.org\/2000\/svg\" class=\"list-377408\" width=\"20px\" height=\"20px\" viewBox=\"0 0 24 24\" fill=\"none\"><path d=\"M6 6H4v2h2V6zm14 0H8v2h12V6zM4 11h2v2H4v-2zm16 0H8v2h12v-2zM4 16h2v2H4v-2zm16 0H8v2h12v-2z\" fill=\"currentColor\"><\/path><\/svg><svg style=\"fill: #999;color:#999\" class=\"arrow-unsorted-368013\" xmlns=\"http:\/\/www.w3.org\/2000\/svg\" width=\"10px\" height=\"10px\" viewBox=\"0 0 24 24\" version=\"1.2\" baseProfile=\"tiny\"><path d=\"M18.2 9.3l-6.2-6.3-6.2 6.3c-.2.2-.3.4-.3.7s.1.5.3.7c.2.2.4.3.7.3h11c.3 0 .5-.1.7-.3.2-.2.3-.5.3-.7s-.1-.5-.3-.7zM5.8 14.7l6.2 6.3 6.2-6.3c.2-.2.3-.5.3-.7s-.1-.5-.3-.7c-.2-.2-.4-.3-.7-.3h-11c-.3 0-.5.1-.7.3-.2.2-.3.5-.3.7s.1.5.3.7z\"\/><\/svg><\/span><\/span><\/label><input type=\"checkbox\"  id=\"ez-toc-cssicon-toggle-item-69f20e47732ab\"  aria-label=\"Toggle\" \/><nav><ul class='ez-toc-list ez-toc-list-level-1 ' ><li class='ez-toc-page-1 ez-toc-heading-level-2'><a class=\"ez-toc-link ez-toc-heading-1\" href=\"https:\/\/toukiela.com\/de\/qui-a-cree-bleu-de-chanel-month-year\/#Pourquoi_le_5_de_Chanel\" >Pourquoi le 5 de Chanel ?<\/a><\/li><li class='ez-toc-page-1 ez-toc-heading-level-2'><a class=\"ez-toc-link ez-toc-heading-2\" href=\"https:\/\/toukiela.com\/de\/qui-a-cree-bleu-de-chanel-month-year\/#Qui_etait_la_derniere_compagne_de_Gaspard\" >Qui etait la derni\u00e8re compagne de Gaspard ?<\/a><ul class='ez-toc-list-level-3' ><li class='ez-toc-heading-level-3'><a class=\"ez-toc-link ez-toc-heading-3\" href=\"https:\/\/toukiela.com\/de\/qui-a-cree-bleu-de-chanel-month-year\/#Qui_est_en_couple_avec_Gaspard_Ulliel\" >Qui est en couple avec Gaspard Ulliel ?<\/a><ul class='ez-toc-list-level-4' ><li class='ez-toc-heading-level-4'><a class=\"ez-toc-link ez-toc-heading-4\" href=\"https:\/\/toukiela.com\/de\/qui-a-cree-bleu-de-chanel-month-year\/#Qui_est_la_nouvelle_compagne_de_Gaspard\" >Qui est la nouvelle compagne de Gaspard ?<\/a><\/li><li class='ez-toc-page-1 ez-toc-heading-level-4'><a class=\"ez-toc-link ez-toc-heading-5\" href=\"https:\/\/toukiela.com\/de\/qui-a-cree-bleu-de-chanel-month-year\/#Qui_est_la_mere_dOrso_Ulliel\" >Qui est la m\u00e8re d\u2019Orso Ulliel ?<\/a><\/li><\/ul><\/li><li class='ez-toc-page-1 ez-toc-heading-level-3'><a class=\"ez-toc-link ez-toc-heading-6\" href=\"https:\/\/toukiela.com\/de\/qui-a-cree-bleu-de-chanel-month-year\/#Qui_est_Gaelle_Pietri\" >Qui est Ga\u00eblle Pietri ?<\/a><ul class='ez-toc-list-level-4' ><li class='ez-toc-heading-level-4'><a class=\"ez-toc-link ez-toc-heading-7\" href=\"https:\/\/toukiela.com\/de\/qui-a-cree-bleu-de-chanel-month-year\/#Qui_est_Gaelle_Gaelle_Pietri\" >Qui est Ga\u00eblle Ga\u00eblle Pietri ?<\/a><\/li><li class='ez-toc-page-1 ez-toc-heading-level-4'><a class=\"ez-toc-link ez-toc-heading-8\" href=\"https:\/\/toukiela.com\/de\/qui-a-cree-bleu-de-chanel-month-year\/#Qui_est_Gaelle_Pietri_pour_Julie_Pietri\" >Qui est Ga\u00eblle Pietri pour Julie Pietri ?<\/a><\/li><\/ul><\/li><li class='ez-toc-page-1 ez-toc-heading-level-3'><a class=\"ez-toc-link ez-toc-heading-9\" href=\"https:\/\/toukiela.com\/de\/qui-a-cree-bleu-de-chanel-month-year\/#Ou_habite_Vicky_Krieps\" >O\u00f9 habite Vicky Krieps ?<\/a><ul class='ez-toc-list-level-4' ><li class='ez-toc-heading-level-4'><a class=\"ez-toc-link ez-toc-heading-10\" href=\"https:\/\/toukiela.com\/de\/qui-a-cree-bleu-de-chanel-month-year\/#Quelle_est_la_derniere_compagne_de_Gaspard_Ulliel\" >Quelle est la derni\u00e8re compagne de Gaspard Ulliel ?<\/a><\/li><\/ul><\/li><\/ul><\/li><li class='ez-toc-page-1 ez-toc-heading-level-2'><a class=\"ez-toc-link ez-toc-heading-11\" href=\"https:\/\/toukiela.com\/de\/qui-a-cree-bleu-de-chanel-month-year\/#Quel_est_le_parfum_le_plus_cher_du_monde\" >Quel est le parfum le plus cher du monde ?<\/a><ul class='ez-toc-list-level-3' ><li class='ez-toc-heading-level-3'><a class=\"ez-toc-link ez-toc-heading-12\" href=\"https:\/\/toukiela.com\/de\/qui-a-cree-bleu-de-chanel-month-year\/#Quel_est_le_parfum_le_plus_vendu_dans_le_monde\" >Quel est le parfum le plus vendu dans le monde ?<\/a><ul class='ez-toc-list-level-4' ><li class='ez-toc-heading-level-4'><a class=\"ez-toc-link ez-toc-heading-13\" href=\"https:\/\/toukiela.com\/de\/qui-a-cree-bleu-de-chanel-month-year\/#Quels_sont_les_parfums_les_plus_vendus_dans_le_monde\" >Quels sont les parfums les plus vendus dans le monde ?<\/a><\/li><li class='ez-toc-page-1 ez-toc-heading-level-4'><a class=\"ez-toc-link ez-toc-heading-14\" href=\"https:\/\/toukiela.com\/de\/qui-a-cree-bleu-de-chanel-month-year\/#Quel_est_le_parfum_le_plus_vendu_de_tous_les_temps\" >Quel est le parfum le plus vendu de tous les temps ?<\/a><\/li><\/ul><\/li><li class='ez-toc-page-1 ez-toc-heading-level-3'><a class=\"ez-toc-link ez-toc-heading-15\" href=\"https:\/\/toukiela.com\/de\/qui-a-cree-bleu-de-chanel-month-year\/#Quel_est_le_parfum_le_plus_cher_homme\" >Quel est le parfum le plus cher homme ?<\/a><ul class='ez-toc-list-level-4' ><li class='ez-toc-heading-level-4'><a class=\"ez-toc-link ez-toc-heading-16\" href=\"https:\/\/toukiela.com\/de\/qui-a-cree-bleu-de-chanel-month-year\/#Quel_est_le_parfum_qui_tient_le_plus\" >Quel est le parfum qui tient le plus ?<\/a><\/li><li class='ez-toc-page-1 ez-toc-heading-level-4'><a class=\"ez-toc-link ez-toc-heading-17\" href=\"https:\/\/toukiela.com\/de\/qui-a-cree-bleu-de-chanel-month-year\/#Quel_est_le_parfum_qui_tient_le_plus_longtemps_pour_homme\" >Quel est le parfum qui tient le plus longtemps pour homme ?<\/a><\/li><\/ul><\/li><li class='ez-toc-page-1 ez-toc-heading-level-3'><a class=\"ez-toc-link ez-toc-heading-18\" href=\"https:\/\/toukiela.com\/de\/qui-a-cree-bleu-de-chanel-month-year\/#Quel_est_le_parfum_le_plus_cher_de_France\" >Quel est le parfum le plus cher de France ?<\/a><\/li><\/ul><\/li><li class='ez-toc-page-1 ez-toc-heading-level-2'><a class=\"ez-toc-link ez-toc-heading-19\" href=\"https:\/\/toukiela.com\/de\/qui-a-cree-bleu-de-chanel-month-year\/#Pourquoi_Chanel_et_pas_une_autre_marque\" >Pourquoi Chanel et pas une autre marque ?<\/a><\/li><li class='ez-toc-page-1 ez-toc-heading-level-2'><a class=\"ez-toc-link ez-toc-heading-20\" href=\"https:\/\/toukiela.com\/de\/qui-a-cree-bleu-de-chanel-month-year\/#Quelle_odeur_a_le_parfum_Bleu_de_Chanel\" >Quelle odeur \u00e0 le parfum Bleu de Chanel ?<\/a><ul class='ez-toc-list-level-3' ><li class='ez-toc-heading-level-3'><a class=\"ez-toc-link ez-toc-heading-21\" href=\"https:\/\/toukiela.com\/de\/qui-a-cree-bleu-de-chanel-month-year\/#Quel_parfum_ressemble_au_Bleu_de_Chanel\" >Quel parfum ressemble au Bleu de Chanel ?<\/a><ul class='ez-toc-list-level-4' ><li class='ez-toc-heading-level-4'><a class=\"ez-toc-link ez-toc-heading-22\" href=\"https:\/\/toukiela.com\/de\/qui-a-cree-bleu-de-chanel-month-year\/#Quel_est_le_meilleur_parfum_pour_homme_au_monde\" >Quel est le meilleur parfum pour homme au monde ?<\/a><\/li><li class='ez-toc-page-1 ez-toc-heading-level-4'><a class=\"ez-toc-link ez-toc-heading-23\" href=\"https:\/\/toukiela.com\/de\/qui-a-cree-bleu-de-chanel-month-year\/#Quel_est_le_parfum_qui_sent_le_plus_fort\" >Quel est le parfum qui sent le plus fort ?<\/a><\/li><\/ul><\/li><li class='ez-toc-page-1 ez-toc-heading-level-3'><a class=\"ez-toc-link ez-toc-heading-24\" href=\"https:\/\/toukiela.com\/de\/qui-a-cree-bleu-de-chanel-month-year\/#Quel_est_le_meilleur_Bleu_de_Chanel\" >Quel est le meilleur Bleu de Chanel ?<\/a><ul class='ez-toc-list-level-4' ><li class='ez-toc-heading-level-4'><a class=\"ez-toc-link ez-toc-heading-25\" href=\"https:\/\/toukiela.com\/de\/qui-a-cree-bleu-de-chanel-month-year\/#Quel_est_le_dernier_parfum_de_Chanel\" >Quel est le dernier parfum de Chanel ?<\/a><\/li><li class='ez-toc-page-1 ez-toc-heading-level-4'><a class=\"ez-toc-link ez-toc-heading-26\" href=\"https:\/\/toukiela.com\/de\/qui-a-cree-bleu-de-chanel-month-year\/#Qui_porte_Bleu_de_Chanel\" >Qui porte Bleu de Chanel ?<\/a><\/li><\/ul><\/li><li class='ez-toc-page-1 ez-toc-heading-level-3'><a class=\"ez-toc-link ez-toc-heading-27\" href=\"https:\/\/toukiela.com\/de\/qui-a-cree-bleu-de-chanel-month-year\/#Qui_porte_Bleu_de_Chanel-2\" >Qui porte Bleu de Chanel ?<\/a><ul class='ez-toc-list-level-4' ><li class='ez-toc-heading-level-4'><a class=\"ez-toc-link ez-toc-heading-28\" href=\"https:\/\/toukiela.com\/de\/qui-a-cree-bleu-de-chanel-month-year\/#Quand_porter_Bleu_de_Chanel\" >Quand porter Bleu de Chanel ?<\/a><\/li><li class='ez-toc-page-1 ez-toc-heading-level-4'><a class=\"ez-toc-link ez-toc-heading-29\" href=\"https:\/\/toukiela.com\/de\/qui-a-cree-bleu-de-chanel-month-year\/#Qui_est_le_mannequin_Bleu_de_Chanel\" >Qui est le mannequin Bleu de Chanel ?<\/a><\/li><\/ul><\/li><\/ul><\/li><\/ul><\/nav><\/div>\n<h2 class=\"wp-block-heading\"><span class=\"ez-toc-section\" id=\"Pourquoi_le_5_de_Chanel\"><\/span>Pourquoi le 5 de Chanel ?<span class=\"ez-toc-section-end\"><\/span><\/h2>\r\n\r\n\r\n\r\n<figure><img decoding=\"async\" class=\"attachment-full size-full\" src=\"https:\/\/toukiela.com\/wp-content\/uploads\/2022\/06\/Pourquoi-le-5-de-Chanel-.jpeg\" sizes=\"(max-width: 617px) 100vw, 617px\" srcset=\"https:\/\/i0.wp.com\/toukiela.com\/wp-content\/uploads\/2022\/06\/Pourquoi-le-5-de-Chanel-.jpeg?w=617&amp;ssl=1 617w, https:\/\/i0.wp.com\/toukiela.com\/wp-content\/uploads\/2022\/06\/Pourquoi-le-5-de-Chanel-.jpeg?resize=300%2C215&amp;ssl=1 300w, https:\/\/i0.wp.com\/toukiela.com\/wp-content\/uploads\/2022\/06\/Pourquoi-le-5-de-Chanel-.jpeg?resize=18%2C12&amp;ssl=1 18w, https:\/\/i0.wp.com\/toukiela.com\/wp-content\/uploads\/2022\/06\/Pourquoi-le-5-de-Chanel-.jpeg?resize=50%2C36&amp;ssl=1 50w, https:\/\/i0.wp.com\/toukiela.com\/wp-content\/uploads\/2022\/06\/Pourquoi-le-5-de-Chanel-.jpeg?resize=480%2C344&amp;ssl=1 480w\" alt=\"Pourquoi le 5 de Chanel ?\" width=\"617\" height=\"442\"><\/figure>\r\n\r\n\r\n\r\n<p>En 1921, Ernest Beaux pr\u00e9sente le fruit de son travail : diff\u00e9rents \u00e9chantillons num\u00e9rot\u00e9s de 1 \u00e0 5 puis de 20 \u00e0 24. CocoChanel choisit le n\u00b05. Inaugurant sa collection le 5\/5, il fait de ce chiffre un symbole et lui laisse ce nom pour lui donner du succ\u00e8s. Un pari r\u00e9ussi au-del\u00e0 des esp\u00e9rances du cr\u00e9ateur.<\/p>\r\n\r\n\r\n\r\n<h2 class=\"wp-block-heading\"><span class=\"ez-toc-section\" id=\"Qui_etait_la_derniere_compagne_de_Gaspard\"><\/span>Qui etait la derni\u00e8re compagne de Gaspard ?<span class=\"ez-toc-section-end\"><\/span><\/h2>\r\n\r\n\r\n\r\n<p>Gaspard Ulliel : Sa derni\u00e8re partenaire Vicky Krieps est muette apr\u00e8s la mise au point de Ga\u00eblle Pietri. Gaspard Ulliel est d\u00e9c\u00e9d\u00e9 \u00e0 l\u2019\u00e2ge de 37 ans, apr\u00e8s avoir perdu la vie dans un accident sur une piste de ski.<\/p>\r\n\r\n\r\n\r\n<p>Qui est le petit ami de Vicky Krieps ?<\/p>\r\n\r\n\r\n\r\n<h3 class=\"wp-block-heading\"><span class=\"ez-toc-section\" id=\"Qui_est_en_couple_avec_Gaspard_Ulliel\"><\/span>Qui est en couple avec Gaspard Ulliel ?<span class=\"ez-toc-section-end\"><\/span><\/h3>\r\n\r\n\r\n\r\n<p>Gaspard Ulliel, un gar\u00e7on de 6 ans, est d\u00e9c\u00e9d\u00e9 des suites d\u2019un accident de ski. Si certaines rumeurs indiquaient que l\u2019acteur \u00e9tait en couple avant sa mort, la m\u00e8re de son fils a r\u00e9tabli la v\u00e9rit\u00e9 ce mardi 10 mai 2022 sur Instagram.<\/p>\r\n\r\n\r\n\r\n<h4 class=\"wp-block-heading\"><span class=\"ez-toc-section\" id=\"Qui_est_la_nouvelle_compagne_de_Gaspard\"><\/span>Qui est la nouvelle compagne de Gaspard ?<span class=\"ez-toc-section-end\"><\/span><\/h4>\r\n\r\n\r\n\r\n<p>Selon les informations du magazine Public, en vente en kiosque depuis ce vendredi 4 f\u00e9vrier 2022, Gaspard Ulliel avait retrouv\u00e9 l\u2019amour dans les bras de l\u2019actrice Vicky Krieps.<\/p>\r\n\r\n\r\n\r\n<h4 class=\"wp-block-heading\"><span class=\"ez-toc-section\" id=\"Qui_est_la_mere_dOrso_Ulliel\"><\/span>Qui est la m\u00e8re d\u2019Orso Ulliel ?<span class=\"ez-toc-section-end\"><\/span><\/h4>\r\n\r\n\r\n\r\n<p>Gaspard Ulliel : La m\u00e8re de son fils Orso, Ga\u00eblle Pietri, se confie comme toujours \u00e0 sa mort tragique. Gaspard Ulliel est d\u00e9c\u00e9d\u00e9 le 19 janvier, victime d\u2019un tragique accident de ski, alors qu\u2019il passait quelques jours de vacances avec son ancienne compagne Ga\u00eblle Pietri et son fils Orso.<\/p>\r\n\r\n\r\n\r\n<h3 class=\"wp-block-heading\"><span class=\"ez-toc-section\" id=\"Qui_est_Gaelle_Pietri\"><\/span>Qui est Ga\u00eblle Pietri ?<span class=\"ez-toc-section-end\"><\/span><\/h3>\r\n\r\n\r\n\r\n<p>Ga\u00eblle Pietri, mannequin fran\u00e7aise, est l\u2019ex-petite amie de l\u2019acteur Gaspard Ulliel. D\u00e9couverte lors d\u2019un concours se d\u00e9roulant en Corse, Ga\u00eblle Pietri s\u2019installe \u00e0 Paris. Il signe ensuite un contrat avec Elite International et d\u00e9bute sa carri\u00e8re en posant pour des marques telles que Garnier en 2004.<\/p>\r\n\r\n\r\n\r\n<h4 class=\"wp-block-heading\"><span class=\"ez-toc-section\" id=\"Qui_est_Gaelle_Gaelle_Pietri\"><\/span>Qui est Ga\u00eblle Ga\u00eblle Pietri ?<span class=\"ez-toc-section-end\"><\/span><\/h4>\r\n\r\n\r\n\r\n<p>sa biographie Ga\u00eblle Pietri est un mannequin qu\u2019elle a pos\u00e9 pour de nombreuses marques et s\u00e9ries de mode. N\u2019ayant jamais d\u00e9fil\u00e9 sur les podiums, elle a fait une belle carri\u00e8re de dix ans dans la mode et les s\u00e9ries publicitaires. Elle est surtout connue du grand public comme la compagne de l\u2019acteur Gaspard Ulliel.<\/p>\r\n\r\n\r\n\r\n<h4 class=\"wp-block-heading\"><span class=\"ez-toc-section\" id=\"Qui_est_Gaelle_Pietri_pour_Julie_Pietri\"><\/span>Qui est Ga\u00eblle Pietri pour Julie Pietri ?<span class=\"ez-toc-section-end\"><\/span><\/h4>\r\n\r\n\r\n\r\n<p>Julie et Ga\u00eblle Pietri ont une passion commune, la musique. En effet, la m\u00e8re du jeune mannequin, Julie Pietri, a eu une belle carri\u00e8re de chanteuse. Dans son entretien avec Corse matin, Ga\u00eblle Pietri d\u00e9clare \u00eatre int\u00e9ress\u00e9e par la r\u00e9alisation d\u2019un album de musique solo.<\/p>\r\n\r\n\r\n\r\n<h3 class=\"wp-block-heading\"><span class=\"ez-toc-section\" id=\"Ou_habite_Vicky_Krieps\"><\/span>O\u00f9 habite Vicky Krieps ?<span class=\"ez-toc-section-end\"><\/span><\/h3>\r\n\r\n\r\n\r\n<p>Elle vit \u00e0 Berlin. L\u2019un des r\u00f4les qui a accru sa notori\u00e9t\u00e9 est son interpr\u00e9tation d\u2019Alma Elson, l\u2019un des personnages principaux de Phantom Thread, un film dramatique anglo-am\u00e9ricain \u00e9crit et r\u00e9alis\u00e9 par Paul Thomas Anderson sorti en 2017.<\/p>\r\n\r\n\r\n\r\n<h4 class=\"wp-block-heading\"><span class=\"ez-toc-section\" id=\"Quelle_est_la_derniere_compagne_de_Gaspard_Ulliel\"><\/span>Quelle est la derni\u00e8re compagne de Gaspard Ulliel ?<span class=\"ez-toc-section-end\"><\/span><\/h4>\r\n\r\n\r\n\r\n<p>Pr\u00e9sent\u00e9e comme la derni\u00e8re compagne de Gaspard Ulliel, Vicky Krieps a foul\u00e9 le tapis rouge du Festival de Cannes le vendredi 20 mai 2022.<\/p>\r\n\r\n\r\n\r\n<h2 class=\"wp-block-heading\"><span class=\"ez-toc-section\" id=\"Quel_est_le_parfum_le_plus_cher_du_monde\"><\/span>Quel est le parfum le plus cher du monde ?<span class=\"ez-toc-section-end\"><\/span><\/h2>\r\n\r\n\r\n\r\n<figure><img decoding=\"async\" class=\"attachment-full size-full\" src=\"https:\/\/toukiela.com\/wp-content\/uploads\/2022\/06\/Quel-est-le-parfum-le-plus-cher-du-monde-.jpeg\" sizes=\"(max-width: 1280px) 100vw, 1280px\" srcset=\"https:\/\/i0.wp.com\/toukiela.com\/wp-content\/uploads\/2022\/06\/Quel-est-le-parfum-le-plus-cher-du-monde-.jpeg?w=1280&amp;ssl=1 1280w, https:\/\/i0.wp.com\/toukiela.com\/wp-content\/uploads\/2022\/06\/Quel-est-le-parfum-le-plus-cher-du-monde-.jpeg?resize=300%2C169&amp;ssl=1 300w, https:\/\/i0.wp.com\/toukiela.com\/wp-content\/uploads\/2022\/06\/Quel-est-le-parfum-le-plus-cher-du-monde-.jpeg?resize=1024%2C576&amp;ssl=1 1024w, https:\/\/i0.wp.com\/toukiela.com\/wp-content\/uploads\/2022\/06\/Quel-est-le-parfum-le-plus-cher-du-monde-.jpeg?resize=768%2C432&amp;ssl=1 768w, https:\/\/i0.wp.com\/toukiela.com\/wp-content\/uploads\/2022\/06\/Quel-est-le-parfum-le-plus-cher-du-monde-.jpeg?resize=18%2C10&amp;ssl=1 18w, https:\/\/i0.wp.com\/toukiela.com\/wp-content\/uploads\/2022\/06\/Quel-est-le-parfum-le-plus-cher-du-monde-.jpeg?resize=50%2C28&amp;ssl=1 50w, https:\/\/i0.wp.com\/toukiela.com\/wp-content\/uploads\/2022\/06\/Quel-est-le-parfum-le-plus-cher-du-monde-.jpeg?resize=1080%2C608&amp;ssl=1 1080w, https:\/\/i0.wp.com\/toukiela.com\/wp-content\/uploads\/2022\/06\/Quel-est-le-parfum-le-plus-cher-du-monde-.jpeg?resize=980%2C551&amp;ssl=1 980w, https:\/\/i0.wp.com\/toukiela.com\/wp-content\/uploads\/2022\/06\/Quel-est-le-parfum-le-plus-cher-du-monde-.jpeg?resize=480%2C270&amp;ssl=1 480w\" alt=\"Quel est le parfum le plus cher du monde ?\" width=\"1280\" height=\"720\"><\/figure>\r\n\r\n\r\n\r\n<figure class=\"wp-block-table is-style-regular\">\r\n<table>\r\n<tbody>\r\n<tr>\r\n<th>Classification<\/th>\r\n<th>Sentir<\/th>\r\n<th>Prix \u200b\u200ben dollars par 30 millilitres<\/th>\r\n<\/tr>\r\n<tr>\r\n<td>1<\/td>\r\n<td>Clive Christian N\u00b01 Parfum de la Majest\u00e9 Imp\u00e9riale<\/td>\r\n<td>381 657<\/td>\r\n<\/tr>\r\n<tr>\r\n<td>2<\/td>\r\n<td>Garde de passage n\u00b0 1<\/td>\r\n<td>230 000<\/td>\r\n<\/tr>\r\n<tr>\r\n<td>3<\/td>\r\n<td>Baccarat Les larmes sacr\u00e9es de Th\u00e8bes<\/td>\r\n<td>204 000<\/td>\r\n<\/tr>\r\n<tr>\r\n<td>4<\/td>\r\n<td>Grand extrait de Chanel<\/td>\r\n<td>126 000<\/td>\r\n<\/tr>\r\n<\/tbody>\r\n<\/table>\r\n<\/figure>\r\n\r\n\r\n\r\n<p>Quel parfum sent le mieux ? 1 \u2013 Opium noir d\u2019Yves Saint Laurent.<\/p>\r\n\r\n\r\n\r\n<h3 class=\"wp-block-heading\"><span class=\"ez-toc-section\" id=\"Quel_est_le_parfum_le_plus_vendu_dans_le_monde\"><\/span>Quel est le parfum le plus vendu dans le monde ?<span class=\"ez-toc-section-end\"><\/span><\/h3>\r\n\r\n\r\n\r\n<p>Toutes fragrances confondues, \u00ab\u00a0Sauvage\u00a0\u00bb est donc le parfum le plus vendu au monde, avec un flacon achet\u00e9 toutes les trois secondes. Belle r\u00e9ussite pour cette variation d\u2019Eau Sauvage, cr\u00e9\u00e9e en 1966 par Edmond Roudnitska.<\/p>\r\n\r\n\r\n\r\n<h4 class=\"wp-block-heading\"><span class=\"ez-toc-section\" id=\"Quels_sont_les_parfums_les_plus_vendus_dans_le_monde\"><\/span>Quels sont les parfums les plus vendus dans le monde ?<span class=\"ez-toc-section-end\"><\/span><\/h4>\r\n\r\n\r\n\r\n<p>Quels sont les parfums les plus vendus ?<\/p>\r\n\r\n\r\n\r\n<ul class=\"wp-block-list\">\r\n<li>Invictus de Paco Rabanne.<\/li>\r\n<li>Dior Homme Intense de Dior.<\/li>\r\n<li>Acqua di Gi\u00f2 de Giorgio Armani.<\/li>\r\n<li>La nuit de l\u2019homme d\u2019Yves Saint Laurent.<\/li>\r\n<li>Le Mal de Jean Paul Gaultier.<\/li>\r\n<li>Terre d\u2019Herm\u00e8s d\u2019Herm\u00e8s.<\/li>\r\n<li>Eau de toilette Dior sauvage.<\/li>\r\n<li>Boss Bottled par Hugo Boss.<\/li>\r\n<\/ul>\r\n\r\n\r\n\r\n<h4 class=\"wp-block-heading\"><span class=\"ez-toc-section\" id=\"Quel_est_le_parfum_le_plus_vendu_de_tous_les_temps\"><\/span>Quel est le parfum le plus vendu de tous les temps ?<span class=\"ez-toc-section-end\"><\/span><\/h4>\r\n\r\n\r\n\r\n<p>Quel est le parfum le plus vendu de tous les temps ? De tous les parfums qui ont exist\u00e9 jusqu\u2019\u00e0 pr\u00e9sent, Sauvage de Dior occupe la place de parfum masculin le plus vendu de tous les temps. Selon certaines statistiques, il semblerait qu\u2019une bouteille de Sauvage se vende dans le monde toutes les trois secondes.<\/p>\r\n\r\n\r\n\r\n<h3 class=\"wp-block-heading\"><span class=\"ez-toc-section\" id=\"Quel_est_le_parfum_le_plus_cher_homme\"><\/span>Quel est le parfum le plus cher homme ?<span class=\"ez-toc-section-end\"><\/span><\/h3>\r\n\r\n\r\n\r\n<p>Le parfum \u00ab\u00a0N\u00b01\u00a0\u00bb de la maison de luxe britannique Clive Christian a \u00e9t\u00e9 reconnu par le Guinness World Records comme le plus cher au monde. Limit\u00e9 \u00e0 dix exemplaires, le prix d\u2019un flacon de ce parfum avoisine les 160 000 euros (115 000 livres).<\/p>\r\n\r\n\r\n\r\n<h4 class=\"wp-block-heading\"><span class=\"ez-toc-section\" id=\"Quel_est_le_parfum_qui_tient_le_plus\"><\/span>Quel est le parfum qui tient le plus ?<span class=\"ez-toc-section-end\"><\/span><\/h4>\r\n\r\n\r\n\r\n<p>Dans la course au meilleur parfum f\u00e9minin qui tient toute la journ\u00e9e, on demande Joy \u00e0 Dior.<\/p>\r\n\r\n\r\n\r\n<h4 class=\"wp-block-heading\"><span class=\"ez-toc-section\" id=\"Quel_est_le_parfum_qui_tient_le_plus_longtemps_pour_homme\"><\/span>Quel est le parfum qui tient le plus longtemps pour homme ?<span class=\"ez-toc-section-end\"><\/span><\/h4>\r\n\r\n\r\n\r\n<p>Classement par communaut\u00e9s :<\/p>\r\n\r\n\r\n\r\n<ul class=\"wp-block-list\">\r\n<li>1 million de Paco Rabanne.<\/li>\r\n<li>Vaporisateur en m\u00e9tal A*Men par Mugler.<\/li>\r\n<li>Guerlain Instant For Men Guerlain Eau Extr\u00eame.<\/li>\r\n<li>Baccarat Rouge 540 de la Maison Francis Kurkdjian.<\/li>\r\n<li>Back to Black, un aphrodisiaque de By Kilian.<\/li>\r\n<li>Interm\u00e8de Homme d\u2019Amour.<\/li>\r\n<li>Dior Homme Intense \u00c9dition 2007 de Dior.<\/li>\r\n<\/ul>\r\n\r\n\r\n\r\n<h3 class=\"wp-block-heading\"><span class=\"ez-toc-section\" id=\"Quel_est_le_parfum_le_plus_cher_de_France\"><\/span>Quel est le parfum le plus cher de France ?<span class=\"ez-toc-section-end\"><\/span><\/h3>\r\n\r\n\r\n\r\n<p>N\u00b01 Passant Guardian de Clive Christian Cr\u00e9\u00e9 en l\u2019honneur de la reine Victoria, le prix de ce parfum s\u2019explique par son flacon majestueux ! Celui-ci est orn\u00e9 de diamants incrust\u00e9s sur du cristal et recouvert d\u2019or 24 carats. Le capuchon en forme de couronne est orn\u00e9 de diamants blancs.<\/p>\r\n\r\n\r\n\r\n<h2 class=\"wp-block-heading\"><span class=\"ez-toc-section\" id=\"Pourquoi_Chanel_et_pas_une_autre_marque\"><\/span>Pourquoi Chanel et pas une autre marque ?<span class=\"ez-toc-section-end\"><\/span><\/h2>\r\n\r\n\r\n\r\n<figure><img decoding=\"async\" class=\"attachment-full size-full\" src=\"https:\/\/toukiela.com\/wp-content\/uploads\/2022\/06\/Pourquoi-Chanel-et-pas-une-autre-marque-.jpeg\" sizes=\"(max-width: 300px) 100vw, 300px\" srcset=\"https:\/\/i0.wp.com\/toukiela.com\/wp-content\/uploads\/2022\/06\/Pourquoi-Chanel-et-pas-une-autre-marque-.jpeg?w=300&amp;ssl=1 300w, https:\/\/i0.wp.com\/toukiela.com\/wp-content\/uploads\/2022\/06\/Pourquoi-Chanel-et-pas-une-autre-marque-.jpeg?resize=150%2C150&amp;ssl=1 150w, https:\/\/i0.wp.com\/toukiela.com\/wp-content\/uploads\/2022\/06\/Pourquoi-Chanel-et-pas-une-autre-marque-.jpeg?resize=12%2C12&amp;ssl=1 12w, https:\/\/i0.wp.com\/toukiela.com\/wp-content\/uploads\/2022\/06\/Pourquoi-Chanel-et-pas-une-autre-marque-.jpeg?resize=50%2C50&amp;ssl=1 50w\" alt=\"Pourquoi Chanel et pas une autre marque ?\" width=\"300\" height=\"300\"><\/figure>\r\n\r\n\r\n\r\n<p>La valeur de la marque comprend le plaisir, le culte de l\u2019individualit\u00e9, la satisfaction de ses propres d\u00e9sirs, la tradition historique qui donne la vision. Chanel se pr\u00e9sente comme une marque qui sait interpr\u00e9ter, comprendre et anticiper les besoins des femmes, exploitant avec elles les nouvelles fronti\u00e8res de la f\u00e9minit\u00e9.<\/p>\r\n\r\n\r\n\r\n<h2 class=\"wp-block-heading\"><span class=\"ez-toc-section\" id=\"Quelle_odeur_a_le_parfum_Bleu_de_Chanel\"><\/span>Quelle odeur \u00e0 le parfum Bleu de Chanel ?<span class=\"ez-toc-section-end\"><\/span><\/h2>\r\n\r\n\r\n\r\n<figure><img decoding=\"async\" class=\"attachment-full size-full\" src=\"https:\/\/toukiela.com\/wp-content\/uploads\/2022\/06\/Quelle-odeur-a-le-parfum-Bleu-de-Chanel-.jpeg\" sizes=\"(max-width: 320px) 100vw, 320px\" srcset=\"https:\/\/i0.wp.com\/toukiela.com\/wp-content\/uploads\/2022\/06\/Quelle-odeur-a-le-parfum-Bleu-de-Chanel-.jpeg?w=320&amp;ssl=1 320w, https:\/\/i0.wp.com\/toukiela.com\/wp-content\/uploads\/2022\/06\/Quelle-odeur-a-le-parfum-Bleu-de-Chanel-.jpeg?resize=300%2C169&amp;ssl=1 300w, https:\/\/i0.wp.com\/toukiela.com\/wp-content\/uploads\/2022\/06\/Quelle-odeur-a-le-parfum-Bleu-de-Chanel-.jpeg?resize=18%2C10&amp;ssl=1 18w, https:\/\/i0.wp.com\/toukiela.com\/wp-content\/uploads\/2022\/06\/Quelle-odeur-a-le-parfum-Bleu-de-Chanel-.jpeg?resize=50%2C28&amp;ssl=1 50w\" alt=\"Quelle odeur \u00e0 le parfum Bleu de Chanel ?\" width=\"320\" height=\"180\"><\/figure>\r\n\r\n\r\n\r\n<p>Chanel Blue offre une senteur particuli\u00e8rement stimulante. Ceci est compos\u00e9 de tons d\u2019agrumes. Comprend l\u2019orange, le citron et le pamplemousse. Toutes trois d\u00e9gagent alors une v\u00e9ritable bouff\u00e9e d\u2019air frais, \u00e0 la fois vive et l\u00e9g\u00e8re.<\/p>\r\n\r\n\r\n\r\n<p>Qui porte le parfum Coco de Chanel ? Catherine Zeta Jones L\u2019actrice de 48 ans est amoureuse de Coco l\u2019eau de parfum de Chanel, mais aussi de Millesime Imperial de la maison anglaise Creed, tr\u00e8s appr\u00e9ci\u00e9e des c\u00e9l\u00e9brit\u00e9s.<\/p>\r\n\r\n\r\n\r\n<h3 class=\"wp-block-heading\"><span class=\"ez-toc-section\" id=\"Quel_parfum_ressemble_au_Bleu_de_Chanel\"><\/span>Quel parfum ressemble au Bleu de Chanel ?<span class=\"ez-toc-section-end\"><\/span><\/h3>\r\n\r\n\r\n\r\n<p>Le bleu Chanel est souvent compar\u00e9 au Sauvage de Dior. Bien que j\u2019aie une nette pr\u00e9f\u00e9rence pour le parfum Chanel, cette version parfum est celle qui ressemble le plus \u00e0 l\u2019opus de Dior, du moins sa version parfum sortie en 2019\u2026<\/p>\r\n\r\n\r\n\r\n<h4 class=\"wp-block-heading\"><span class=\"ez-toc-section\" id=\"Quel_est_le_meilleur_parfum_pour_homme_au_monde\"><\/span>Quel est le meilleur parfum pour homme au monde ?<span class=\"ez-toc-section-end\"><\/span><\/h4>\r\n\r\n\r\n\r\n<p>1. Eau de Parfum Sauvage. Qui ne conna\u00eet pas la gamme Sauvage de Dior. Ce dernier a fait ses d\u00e9buts en 2015 et est devenu l\u2019un des parfums masculins les plus vendus.<\/p>\r\n\r\n\r\n\r\n<h4 class=\"wp-block-heading\"><span class=\"ez-toc-section\" id=\"Quel_est_le_parfum_qui_sent_le_plus_fort\"><\/span>Quel est le parfum qui sent le plus fort ?<span class=\"ez-toc-section-end\"><\/span><\/h4>\r\n\r\n\r\n\r\n<p>Vaporisateur en m\u00e9tal A*Men par Mugler. 1 million de Paco Rabanne. Interm\u00e8de Homme d\u2019Amour. Dior Fra\u00eecheur Cuir Eau Sauvage.<\/p>\r\n\r\n\r\n\r\n<h3 class=\"wp-block-heading\"><span class=\"ez-toc-section\" id=\"Quel_est_le_meilleur_Bleu_de_Chanel\"><\/span>Quel est le meilleur Bleu de Chanel ?<span class=\"ez-toc-section-end\"><\/span><\/h3>\r\n\r\n\r\n\r\n<p>Bleu De Chanel Parfum a la meilleure polyvalence Le premier travail \u00e9tait d\u00e9j\u00e0 tr\u00e8s polyvalent mais \u00e9tait un peu faible pour l\u2019hiver. La deuxi\u00e8me version \u00e9tait encore plus polyvalente car elle \u00e9tait un peu mieux \u00e9quip\u00e9e pour r\u00e9sister \u00e0 l\u2019hiver.<\/p>\r\n\r\n\r\n\r\n<h4 class=\"wp-block-heading\"><span class=\"ez-toc-section\" id=\"Quel_est_le_dernier_parfum_de_Chanel\"><\/span>Quel est le dernier parfum de Chanel ?<span class=\"ez-toc-section-end\"><\/span><\/h4>\r\n\r\n\r\n\r\n<p>Le Lion de Chanel est un nouveau parfum oriental pour homme et femme, lanc\u00e9 en 2020 et con\u00e7u par Olivier Polge. CHANEL LE LION by CHANEL EAU DE PARFUM \u2013 LA COLLECTION EXCLUSIVE DE CHANEL \u2013 EST DISPONIBLE SUR LE SITE OFFICIEL ET LA BOUTIQUE EN LIGNE DE CHANEL.<\/p>\r\n\r\n\r\n\r\n<h4 class=\"wp-block-heading\"><span class=\"ez-toc-section\" id=\"Qui_porte_Bleu_de_Chanel\"><\/span>Qui porte Bleu de Chanel ?<span class=\"ez-toc-section-end\"><\/span><\/h4>\r\n\r\n\r\n\r\n<p>L\u2019acteur fran\u00e7ais Gaspard Ulliel a \u00e9t\u00e9 choisi par Chanel pour incarner l\u2019image de Bleu, son nouveau parfum masculin. Allumez vos secrets de beaut\u00e9. Toutes les femmes savent au moins une chose sur Gaspard Ulliel : elles sortiraient volontiers avec lui.<\/p>\r\n\r\n\r\n\r\n<h3 class=\"wp-block-heading\"><span class=\"ez-toc-section\" id=\"Qui_porte_Bleu_de_Chanel-2\"><\/span>Qui porte Bleu de Chanel ?<span class=\"ez-toc-section-end\"><\/span><\/h3>\r\n\r\n\r\n\r\n<p>L\u2019acteur fran\u00e7ais Gaspard Ulliel a \u00e9t\u00e9 choisi par Chanel pour incarner l\u2019image de Bleu, son nouveau parfum masculin. Allumez vos secrets de beaut\u00e9. Toutes les femmes savent au moins une chose sur Gaspard Ulliel : elles sortiraient volontiers avec lui.<\/p>\r\n\r\n\r\n\r\n<h4 class=\"wp-block-heading\"><span class=\"ez-toc-section\" id=\"Quand_porter_Bleu_de_Chanel\"><\/span>Quand porter Bleu de Chanel ?<span class=\"ez-toc-section-end\"><\/span><\/h4>\r\n\r\n\r\n\r\n<p>Le parfum Chanel Blue a la plus grande polyvalence. C\u2019est vraiment l\u2019un des parfums principaux les plus polyvalents. Il est facile \u00e0 porter en toute occasion, \u00e0 toute heure du jour (ou de la nuit) avec n\u2019importe quelle tenue en toute saison !<\/p>\r\n\r\n\r\n\r\n<h4 class=\"wp-block-heading\"><span class=\"ez-toc-section\" id=\"Qui_est_le_mannequin_Bleu_de_Chanel\"><\/span>Qui est le mannequin Bleu de Chanel ?<span class=\"ez-toc-section-end\"><\/span><\/h4>\r\n\r\n\r\n\r\n<p>Gaspard Ulliel : L\u2019\u00e9g\u00e9rie des publicit\u00e9s pour le parfum Blue de Chanel, c\u2019\u00e9tait lui.<\/p>\r\n\r\n<p><script type=\"application\/ld+json\">{\"@context\":\"https:\/\/schema.org\",\"@type\":\"FAQPage\",\"mainEntity\":[{\"@type\":\"Question\",\"name\":\"Pourquoi le 5 de Chanel ?\",\"acceptedAnswer\":{\"@type\":\"Answer\",\"text\":\"En 1921, Ernest Beaux pr&eacute;sente le fruit de son travail : diff&eacute;rents &eacute;chantillons num&eacute;rot&eacute;s de 1 &agrave; 5 puis de 20 &agrave; 24. CocoChanel choisit le n&deg;5. Inaugurant sa collection le 5\/5, il fait de ce chiffre un symbole et lui laisse ce nom pour lui donner du succ&egrave;s. Un pari r&eacute;ussi au-del&agrave; des esp&eacute;rances du cr&eacute;ateur.\"}},{\"@type\":\"Question\",\"name\":\"Qui etait la derni&egrave;re compagne de Gaspard ?\",\"acceptedAnswer\":{\"@type\":\"Answer\",\"text\":\"Gaspard Ulliel : Sa derni&egrave;re partenaire Vicky Krieps est muette apr&egrave;s la mise au point de Ga&euml;lle Pietri. Gaspard Ulliel est d&eacute;c&eacute;d&eacute; &agrave; l'&acirc;ge de 37 ans, apr&egrave;s avoir perdu la vie dans un accident sur une piste de ski.Qui est le petit ami de Vicky Krieps ?\"}},{\"@type\":\"Question\",\"name\":\"Quel est le parfum le plus cher du monde ?\",\"acceptedAnswer\":{\"@type\":\"Answer\",\"text\":\"ClassificationSentirPrix &#8203;&#8203;en dollars par 30 millilitres1Clive Christian N&deg;1 Parfum de la Majest&eacute; Imp&eacute;riale381 6572Garde de passage n&deg; 1230 0003Baccarat Les larmes sacr&eacute;es de Th&egrave;bes204 0004Grand extrait de Chanel126 000Quel parfum sent le mieux ? 1 - Opium noir d'Yves Saint Laurent.\"}},{\"@type\":\"Question\",\"name\":\"Pourquoi Chanel et pas une autre marque ?\",\"acceptedAnswer\":{\"@type\":\"Answer\",\"text\":\"La valeur de la marque comprend le plaisir, le culte de l'individualit&eacute;, la satisfaction de ses propres d&eacute;sirs, la tradition historique qui donne la vision. Chanel se pr&eacute;sente comme une marque qui sait interpr&eacute;ter, comprendre et anticiper les besoins des femmes, exploitant avec elles les nouvelles fronti&egrave;res de la f&eacute;minit&eacute;.\"}},{\"@type\":\"Question\",\"name\":\"Quelle odeur &agrave; le parfum Bleu de Chanel ?\",\"acceptedAnswer\":{\"@type\":\"Answer\",\"text\":\"Chanel Blue offre une senteur particuli&egrave;rement stimulante. Ceci est compos&eacute; de tons d'agrumes. Comprend l'orange, le citron et le pamplemousse. Toutes trois d&eacute;gagent alors une v&eacute;ritable bouff&eacute;e d'air frais, &agrave; la fois vive et l&eacute;g&egrave;re.Qui porte le parfum Coco de Chanel ? Catherine Zeta Jones L'actrice de 48 ans est amoureuse de Coco l'eau de parfum de Chanel, mais aussi de Millesime Imperial de la maison anglaise Creed, tr&egrave;s appr&eacute;ci&eacute;e des c&eacute;l&eacute;brit&eacute;s.\"}}]}<\/script><\/p>\n\n","protected":false},"excerpt":{"rendered":"","protected":false},"author":1,"featured_media":2647,"comment_status":"open","ping_status":"open","sticky":false,"template":"","format":"standard","meta":{"_seopress_robots_primary_cat":"none","_seopress_titles_title":"","_seopress_titles_desc":"","_seopress_robots_index":"","footnotes":""},"categories":[31],"tags":[482,484,475,485,483],"class_list":["post-2644","post","type-post","status-publish","format-standard","has-post-thumbnail","hentry","category-life-style","tag-chanel","tag-gaspard","tag-parfum","tag-pietri","tag-ulliel","generate-columns","tablet-grid-50","mobile-grid-100","grid-parent","grid-50"],"_links":{"self":[{"href":"https:\/\/toukiela.com\/de\/wp-json\/wp\/v2\/posts\/2644","targetHints":{"allow":["GET"]}}],"collection":[{"href":"https:\/\/toukiela.com\/de\/wp-json\/wp\/v2\/posts"}],"about":[{"href":"https:\/\/toukiela.com\/de\/wp-json\/wp\/v2\/types\/post"}],"author":[{"embeddable":true,"href":"https:\/\/toukiela.com\/de\/wp-json\/wp\/v2\/users\/1"}],"replies":[{"embeddable":true,"href":"https:\/\/toukiela.com\/de\/wp-json\/wp\/v2\/comments?post=2644"}],"version-history":[{"count":0,"href":"https:\/\/toukiela.com\/de\/wp-json\/wp\/v2\/posts\/2644\/revisions"}],"wp:featuredmedia":[{"embeddable":true,"href":"https:\/\/toukiela.com\/de\/wp-json\/wp\/v2\/media\/2647"}],"wp:attachment":[{"href":"https:\/\/toukiela.com\/de\/wp-json\/wp\/v2\/media?parent=2644"}],"wp:term":[{"taxonomy":"category","embeddable":true,"href":"https:\/\/toukiela.com\/de\/wp-json\/wp\/v2\/categories?post=2644"},{"taxonomy":"post_tag","embeddable":true,"href":"https:\/\/toukiela.com\/de\/wp-json\/wp\/v2\/tags?post=2644"}],"curies":[{"name":"wp","href":"https:\/\/api.w.org\/{rel}","templated":true}]}}