{"id":1637,"date":"2022-06-22T00:14:59","date_gmt":"2022-06-22T00:14:59","guid":{"rendered":"https:\/\/toukiela.com\/quel-est-le-prenom-de-polska-month-year\/"},"modified":"2022-07-26T21:44:09","modified_gmt":"2022-07-26T21:44:09","slug":"quel-est-le-prenom-de-polska-month-year","status":"publish","type":"post","link":"https:\/\/toukiela.com\/de\/wie-ist-der-name-von-polska-month-year-2\/","title":{"rendered":"Quel est le pr\u00e9nom de Polska ? April 2026"},"content":{"rendered":"<p>Le pr\u00e9nom de la Pologne est Jaroslaw. D\u00e9cembre 1990il a \u00e9t\u00e9 \u00e9lu premier Premier ministre non communiste de la Pologne d\u2019apr\u00e8s-guerre.<\/p>\r\n<p>Jaroslaw Kaczynski est n\u00e9 le 18 juin 1949 \u00e0 Varsovie, en Pologne. Il est le fr\u00e8re jumeau de l\u2019ancien pr\u00e9sident polonais Lech Kaczynski. Il est dipl\u00f4m\u00e9 de la facult\u00e9 de droit et d\u2019administration de l\u2019universit\u00e9 de Varsovie en 1972. En 1976, il a termin\u00e9 sa th\u00e8se de doctorat \u00e0 l\u2019Institut d\u2019\u00c9tat et de droit de l\u2019Acad\u00e9mie polonaise des sciences. \u00c0 partir de 1985, il a enseign\u00e9 \u00e0 l\u2019universit\u00e9 de Varsovie. En 1989, il est devenu membre du syndicat Solidarit\u00e9<\/p>\r\n<p>En d\u00e9cembre 1990, Jaroslaw Kaczynski est \u00e9lu premier Premier ministre non communiste de la Pologne d\u2019apr\u00e8s-guerre. Il est rest\u00e9 en poste jusqu\u2019en 1991, date \u00e0 laquelle il a d\u00e9missionn\u00e9 en raison de divergences avec le pr\u00e9sident Lech Wa\u0142\u0119sa. En 2001, il fonde le parti Droit et Justice (PiS). Il a \u00e9t\u00e9 chef de l\u2019opposition de 2005 \u00e0 2007, date \u00e0 laquelle son parti est arriv\u00e9 au pouvoir. De 2006 \u00e0 2007, il a \u00e9galement \u00e9t\u00e9 pr\u00e9sident du conseil de surveillance du PiS. En 2015, il a \u00e9t\u00e9 r\u00e9\u00e9lu pr\u00e9sident du PiS<\/p>\r\n<p>Sous sa direction, la Pologne est devenue l\u2019une des \u00e9conomies \u00e0 la croissance la plus rapide d\u2019Europe. Le pays a \u00e9galement \u00e9t\u00e9 salu\u00e9 pour son engagement fort en faveur de la d\u00e9mocratie et de l\u2019\u00c9tat de droit. M. Kaczynski est un fervent critique du pr\u00e9sident russe Vladimir Poutine et a \u00e9t\u00e9 l\u2019un des principaux artisans des efforts d\u00e9ploy\u00e9s par la Pologne pour augmenter les d\u00e9penses de d\u00e9fense de l\u2019OTAN.<\/p>\r\n<div id=\"ez-toc-container\" class=\"ez-toc-v2_0_82_2 counter-hierarchy ez-toc-counter ez-toc-grey ez-toc-container-direction\">\n<p class=\"ez-toc-title\" style=\"cursor:inherit\">Sommaire<\/p>\n<label for=\"ez-toc-cssicon-toggle-item-69f23b8a74ef3\" class=\"ez-toc-cssicon-toggle-label\"><span class=\"\"><span class=\"eztoc-hide\" style=\"display:none;\">Toggle<\/span><span class=\"ez-toc-icon-toggle-span\"><svg style=\"fill: #999;color:#999\" xmlns=\"http:\/\/www.w3.org\/2000\/svg\" class=\"list-377408\" width=\"20px\" height=\"20px\" viewBox=\"0 0 24 24\" fill=\"none\"><path d=\"M6 6H4v2h2V6zm14 0H8v2h12V6zM4 11h2v2H4v-2zm16 0H8v2h12v-2zM4 16h2v2H4v-2zm16 0H8v2h12v-2z\" fill=\"currentColor\"><\/path><\/svg><svg style=\"fill: #999;color:#999\" class=\"arrow-unsorted-368013\" xmlns=\"http:\/\/www.w3.org\/2000\/svg\" width=\"10px\" height=\"10px\" viewBox=\"0 0 24 24\" version=\"1.2\" baseProfile=\"tiny\"><path d=\"M18.2 9.3l-6.2-6.3-6.2 6.3c-.2.2-.3.4-.3.7s.1.5.3.7c.2.2.4.3.7.3h11c.3 0 .5-.1.7-.3.2-.2.3-.5.3-.7s-.1-.5-.3-.7zM5.8 14.7l6.2 6.3 6.2-6.3c.2-.2.3-.5.3-.7s-.1-.5-.3-.7c-.2-.2-.4-.3-.7-.3h-11c-.3 0-.5.1-.7.3-.2.2-.3.5-.3.7s.1.5.3.7z\"\/><\/svg><\/span><\/span><\/label><input type=\"checkbox\"  id=\"ez-toc-cssicon-toggle-item-69f23b8a74ef3\"  aria-label=\"Toggle\" \/><nav><ul class='ez-toc-list ez-toc-list-level-1 ' ><li class='ez-toc-page-1 ez-toc-heading-level-2'><a class=\"ez-toc-link ez-toc-heading-1\" href=\"https:\/\/toukiela.com\/de\/wie-ist-der-name-von-polska-month-year-2\/#Quelle_est_le_Insta_de_Polska\" >Quelle est le Insta de Polska ?<\/a><ul class='ez-toc-list-level-3' ><li class='ez-toc-heading-level-3'><a class=\"ez-toc-link ez-toc-heading-2\" href=\"https:\/\/toukiela.com\/de\/wie-ist-der-name-von-polska-month-year-2\/#Quelle_est_le_but_d_Instagram\" >Quelle est le but d Instagram ?<\/a><ul class='ez-toc-list-level-4' ><li class='ez-toc-heading-level-4'><a class=\"ez-toc-link ez-toc-heading-3\" href=\"https:\/\/toukiela.com\/de\/wie-ist-der-name-von-polska-month-year-2\/#Quelle_est_la_difference_entre_Instagram_et_Facebook\" >Quelle est la diff\u00e9rence entre Instagram et Facebook ?<\/a><\/li><li class='ez-toc-page-1 ez-toc-heading-level-4'><a class=\"ez-toc-link ez-toc-heading-4\" href=\"https:\/\/toukiela.com\/de\/wie-ist-der-name-von-polska-month-year-2\/#Quelle_est_limportance_de_communiquer_sur_Instagram\" >Quelle est l\u2019importance de communiquer sur Instagram ?<\/a><\/li><\/ul><\/li><li class='ez-toc-page-1 ez-toc-heading-level-3'><a class=\"ez-toc-link ez-toc-heading-5\" href=\"https:\/\/toukiela.com\/de\/wie-ist-der-name-von-polska-month-year-2\/#Quel_age_a_l_Influenceuse_Polska\" >Quel \u00e2ge a l Influenceuse Polska ?<\/a><ul class='ez-toc-list-level-4' ><li class='ez-toc-heading-level-4'><a class=\"ez-toc-link ez-toc-heading-6\" href=\"https:\/\/toukiela.com\/de\/wie-ist-der-name-von-polska-month-year-2\/#Qui_est_Polska_cute\" >Qui est Polska cute ?<\/a><\/li><li class='ez-toc-page-1 ez-toc-heading-level-4'><a class=\"ez-toc-link ez-toc-heading-7\" href=\"https:\/\/toukiela.com\/de\/wie-ist-der-name-von-polska-month-year-2\/#Quel_est_le_prenom_de_Polska\" >Quel est le pr\u00e9nom de Polska ?<\/a><\/li><\/ul><\/li><\/ul><\/li><li class='ez-toc-page-1 ez-toc-heading-level-2'><a class=\"ez-toc-link ez-toc-heading-8\" href=\"https:\/\/toukiela.com\/de\/wie-ist-der-name-von-polska-month-year-2\/#Quel_regime_en_Pologne\" >Quel r\u00e9gime en Pologne ?<\/a><ul class='ez-toc-list-level-3' ><li class='ez-toc-heading-level-3'><a class=\"ez-toc-link ez-toc-heading-9\" href=\"https:\/\/toukiela.com\/de\/wie-ist-der-name-von-polska-month-year-2\/#Comment_est_la_vie_en_Pologne\" >Comment est la vie en Pologne ?<\/a><ul class='ez-toc-list-level-4' ><li class='ez-toc-heading-level-4'><a class=\"ez-toc-link ez-toc-heading-10\" href=\"https:\/\/toukiela.com\/de\/wie-ist-der-name-von-polska-month-year-2\/#Quel_budget_pour_vivre_en_Pologne\" >Quel budget pour vivre en Pologne ?<\/a><\/li><li class='ez-toc-page-1 ez-toc-heading-level-4'><a class=\"ez-toc-link ez-toc-heading-11\" href=\"https:\/\/toukiela.com\/de\/wie-ist-der-name-von-polska-month-year-2\/#Comment_sont_les_gens_en_Pologne\" >Comment sont les gens en Pologne ?<\/a><\/li><\/ul><\/li><li class='ez-toc-page-1 ez-toc-heading-level-3'><a class=\"ez-toc-link ez-toc-heading-12\" href=\"https:\/\/toukiela.com\/de\/wie-ist-der-name-von-polska-month-year-2\/#Est-ce_que_la_Pologne_est_une_dictature\" >Est-ce que la Pologne est une dictature ?<\/a><ul class='ez-toc-list-level-4' ><li class='ez-toc-heading-level-4'><a class=\"ez-toc-link ez-toc-heading-13\" href=\"https:\/\/toukiela.com\/de\/wie-ist-der-name-von-polska-month-year-2\/#Qui_est_au_pouvoir_en_Pologne\" >Qui est au pouvoir en Pologne ?<\/a><\/li><li class='ez-toc-page-1 ez-toc-heading-level-4'><a class=\"ez-toc-link ez-toc-heading-14\" href=\"https:\/\/toukiela.com\/de\/wie-ist-der-name-von-polska-month-year-2\/#Quelle_est_la_situation_de_la_Pologne\" >Quelle est la situation de la Pologne ?<\/a><\/li><\/ul><\/li><li class='ez-toc-page-1 ez-toc-heading-level-3'><a class=\"ez-toc-link ez-toc-heading-15\" href=\"https:\/\/toukiela.com\/de\/wie-ist-der-name-von-polska-month-year-2\/#Est-ce_que_la_Pologne_est_une_democratie\" >Est-ce que la Pologne est une d\u00e9mocratie ?<\/a><ul class='ez-toc-list-level-4' ><li class='ez-toc-heading-level-4'><a class=\"ez-toc-link ez-toc-heading-16\" href=\"https:\/\/toukiela.com\/de\/wie-ist-der-name-von-polska-month-year-2\/#Quand_la_Pologne_est_devenue_une_democratie\" >Quand la Pologne est devenue une d\u00e9mocratie ?<\/a><\/li><li class='ez-toc-page-1 ez-toc-heading-level-4'><a class=\"ez-toc-link ez-toc-heading-17\" href=\"https:\/\/toukiela.com\/de\/wie-ist-der-name-von-polska-month-year-2\/#Quelle_Est-ce_que_la_democratie\" >Quelle Est-ce que la d\u00e9mocratie ?<\/a><\/li><\/ul><\/li><\/ul><\/li><li class='ez-toc-page-1 ez-toc-heading-level-2'><a class=\"ez-toc-link ez-toc-heading-18\" href=\"https:\/\/toukiela.com\/de\/wie-ist-der-name-von-polska-month-year-2\/#Quel_est_lage_de_Polska\" >Quel est l\u2019\u00e2ge de Polska ?<\/a><\/li><li class='ez-toc-page-1 ez-toc-heading-level-2'><a class=\"ez-toc-link ez-toc-heading-19\" href=\"https:\/\/toukiela.com\/de\/wie-ist-der-name-von-polska-month-year-2\/#Qui_est_Polska_l_Influenceuse\" >Qui est Polska l Influenceuse ?<\/a><\/li><li class='ez-toc-page-1 ez-toc-heading-level-2'><a class=\"ez-toc-link ez-toc-heading-20\" href=\"https:\/\/toukiela.com\/de\/wie-ist-der-name-von-polska-month-year-2\/#Qui_est_Polska_cute-2\" >Qui est Polska cute ?<\/a><\/li><\/ul><\/nav><\/div>\n<h2 class=\"wp-block-heading\"><span class=\"ez-toc-section\" id=\"Quelle_est_le_Insta_de_Polska\"><\/span>Quelle est le Insta de Polska ?<span class=\"ez-toc-section-end\"><\/span><\/h2>\r\n\r\n\r\n\r\n<figure><img decoding=\"async\" class=\"attachment-full size-full\" src=\"https:\/\/toukiela.com\/wp-content\/uploads\/2022\/06\/Quelle-est-le-Insta-de-Polska-.jpeg\" sizes=\"(max-width: 1920px) 100vw, 1920px\" srcset=\"https:\/\/i0.wp.com\/toukiela.com\/wp-content\/uploads\/2022\/06\/Quelle-est-le-Insta-de-Polska-.jpeg?w=1920&amp;ssl=1 1920w, https:\/\/i0.wp.com\/toukiela.com\/wp-content\/uploads\/2022\/06\/Quelle-est-le-Insta-de-Polska-.jpeg?resize=300%2C169&amp;ssl=1 300w, https:\/\/i0.wp.com\/toukiela.com\/wp-content\/uploads\/2022\/06\/Quelle-est-le-Insta-de-Polska-.jpeg?resize=1024%2C576&amp;ssl=1 1024w, https:\/\/i0.wp.com\/toukiela.com\/wp-content\/uploads\/2022\/06\/Quelle-est-le-Insta-de-Polska-.jpeg?resize=768%2C432&amp;ssl=1 768w, https:\/\/i0.wp.com\/toukiela.com\/wp-content\/uploads\/2022\/06\/Quelle-est-le-Insta-de-Polska-.jpeg?resize=1536%2C864&amp;ssl=1 1536w, https:\/\/i0.wp.com\/toukiela.com\/wp-content\/uploads\/2022\/06\/Quelle-est-le-Insta-de-Polska-.jpeg?resize=18%2C10&amp;ssl=1 18w, https:\/\/i0.wp.com\/toukiela.com\/wp-content\/uploads\/2022\/06\/Quelle-est-le-Insta-de-Polska-.jpeg?resize=50%2C28&amp;ssl=1 50w, https:\/\/i0.wp.com\/toukiela.com\/wp-content\/uploads\/2022\/06\/Quelle-est-le-Insta-de-Polska-.jpeg?resize=1080%2C608&amp;ssl=1 1080w, https:\/\/i0.wp.com\/toukiela.com\/wp-content\/uploads\/2022\/06\/Quelle-est-le-Insta-de-Polska-.jpeg?resize=1280%2C720&amp;ssl=1 1280w, https:\/\/i0.wp.com\/toukiela.com\/wp-content\/uploads\/2022\/06\/Quelle-est-le-Insta-de-Polska-.jpeg?resize=980%2C551&amp;ssl=1 980w, https:\/\/i0.wp.com\/toukiela.com\/wp-content\/uploads\/2022\/06\/Quelle-est-le-Insta-de-Polska-.jpeg?resize=480%2C270&amp;ssl=1 480w\" alt=\"Quelle est le Insta de Polska ?\" width=\"1920\" height=\"1080\"><\/figure>\r\n\r\n\r\n\r\n<p>Polska (@polska_cute_) \u00e2\u20ac\u00a2 Photos et vid\u00e9os Instagram.<\/p>\r\n\r\n\r\n\r\n<p>De quel type d\u2019Instagram s\u2019agit-il\u00a0? Compte personnel\u00a0: pour les utilisateurs ordinaires qui souhaitent partager leurs photos avec leurs amis et leur famille. Compte professionnel : pour les entreprises qui souhaitent entrer en contact avec leurs clients, leur cible potentielle, leurs fans.<\/p>\r\n\r\n\r\n\r\n<h3 class=\"wp-block-heading\"><span class=\"ez-toc-section\" id=\"Quelle_est_le_but_d_Instagram\"><\/span>Quelle est le but d Instagram ?<span class=\"ez-toc-section-end\"><\/span><\/h3>\r\n\r\n\r\n\r\n<p>Instagram permet aux utilisateurs de partager leurs exp\u00e9riences, conseils et moments de vie en publiant des photos et de courtes vid\u00e9os. Ils peuvent choisir de diffuser leur contenu \u00e0 une communaut\u00e9 restreinte (compte priv\u00e9) ou \u00e0 tous les utilisateurs (compte public).<\/p>\r\n\r\n\r\n\r\n<h4 class=\"wp-block-heading\"><span class=\"ez-toc-section\" id=\"Quelle_est_la_difference_entre_Instagram_et_Facebook\"><\/span>Quelle est la diff\u00e9rence entre Instagram et Facebook ?<span class=\"ez-toc-section-end\"><\/span><\/h4>\r\n\r\n\r\n\r\n<p>Facebook propose \u00e9galement des histoires, mais contrairement \u00e0 Instagram, il n\u2019est pas possible de cr\u00e9er une section en vedette ou \u00ab\u00a0en vedette\u00a0\u00bb o\u00f9 les histoires peuvent vivre en permanence. Cela signifie qu\u2019apr\u00e8s 24 heures, votre histoire dispara\u00eetra de votre profil Facebook.<\/p>\r\n\r\n\r\n\r\n<h4 class=\"wp-block-heading\"><span class=\"ez-toc-section\" id=\"Quelle_est_limportance_de_communiquer_sur_Instagram\"><\/span>Quelle est l\u2019importance de communiquer sur Instagram ?<span class=\"ez-toc-section-end\"><\/span><\/h4>\r\n\r\n\r\n\r\n<p>Puisqu\u2019une image vaut mille mots, Instagram est le r\u00e9seau social de choix pour rendre sa communication visuelle. Tr\u00e8s appr\u00e9ci\u00e9es des internautes, les photos et vid\u00e9os sont un moyen efficace de faire passer des messages \u00e0 travers des contenus visuels.<\/p>\r\n\r\n\r\n\r\n<h3 class=\"wp-block-heading\"><span class=\"ez-toc-section\" id=\"Quel_age_a_l_Influenceuse_Polska\"><\/span>Quel \u00e2ge a l Influenceuse Polska ?<span class=\"ez-toc-section-end\"><\/span><\/h3>\r\n\r\n\r\n\r\n<p>L\u2019influenceuse Polska est une jeune femme de 23 ans d\u2019origine polonaise. Elle est c\u00e9l\u00e8bre pour ses blagues et ses remarques rac\u00e9es. Sulfureuse, elle s\u2019est autoproclam\u00e9e la plus belle femme de France. Elle est tr\u00e8s ouverte sur des sujets class\u00e9s tabous.<\/p>\r\n\r\n\r\n\r\n<h4 class=\"wp-block-heading\"><span class=\"ez-toc-section\" id=\"Qui_est_Polska_cute\"><\/span>Qui est Polska cute ?<span class=\"ez-toc-section-end\"><\/span><\/h4>\r\n\r\n\r\n\r\n<p>Polska est une jeune femme d\u2019origine polonaise qui s\u2019est connue sur la plateforme Twitter. En effet, Polska a publi\u00e9 une photo avec le hashtag #JeSuisCute qui a \u00e9t\u00e9 relay\u00e9e sur Twitter et qui est devenue un v\u00e9ritable ph\u00e9nom\u00e8ne sur la toile.<\/p>\r\n\r\n\r\n\r\n<h4 class=\"wp-block-heading\"><span class=\"ez-toc-section\" id=\"Quel_est_le_prenom_de_Polska\"><\/span>Quel est le pr\u00e9nom de Polska ?<span class=\"ez-toc-section-end\"><\/span><\/h4>\r\n\r\n\r\n\r\n<p>Le terme polska signifie \u00ab\u00a0polonais\u00a0\u00bb en su\u00e9dois et ce terme est utilis\u00e9 en contraction pour signifier \u00ab\u00a0danse polonaise\u00a0\u00bb. L\u2019origine de la polska est incertaine, mais le nom peut sugg\u00e9rer qu\u2019il s\u2019agit d\u2019une danse polonaise.<\/p>\r\n\r\n\r\n\r\n<h2 class=\"wp-block-heading\"><span class=\"ez-toc-section\" id=\"Quel_regime_en_Pologne\"><\/span>Quel r\u00e9gime en Pologne ?<span class=\"ez-toc-section-end\"><\/span><\/h2>\r\n\r\n\r\n\r\n<figure><img decoding=\"async\" class=\"attachment-full size-full\" src=\"https:\/\/toukiela.com\/wp-content\/uploads\/2022\/06\/Quel-regime-en-Pologne-.jpeg\" sizes=\"(max-width: 320px) 100vw, 320px\" srcset=\"https:\/\/i0.wp.com\/toukiela.com\/wp-content\/uploads\/2022\/06\/Quel-regime-en-Pologne-.jpeg?w=320&amp;ssl=1 320w, https:\/\/i0.wp.com\/toukiela.com\/wp-content\/uploads\/2022\/06\/Quel-regime-en-Pologne-.jpeg?resize=212%2C300&amp;ssl=1 212w, https:\/\/i0.wp.com\/toukiela.com\/wp-content\/uploads\/2022\/06\/Quel-regime-en-Pologne-.jpeg?resize=8%2C12&amp;ssl=1 8w, https:\/\/i0.wp.com\/toukiela.com\/wp-content\/uploads\/2022\/06\/Quel-regime-en-Pologne-.jpeg?resize=35%2C50&amp;ssl=1 35w\" alt=\"Quel r\u00e9gime en Pologne ?\" width=\"320\" height=\"453\"><\/figure>\r\n\r\n\r\n\r\n<p>Quel parti politique en Pologne ?<\/p>\r\n\r\n\r\n\r\n<h3 class=\"wp-block-heading\"><span class=\"ez-toc-section\" id=\"Comment_est_la_vie_en_Pologne\"><\/span>Comment est la vie en Pologne ?<span class=\"ez-toc-section-end\"><\/span><\/h3>\r\n\r\n\r\n\r\n<p>Vie quotidienne Le co\u00fbt de la vie en Pologne est d\u2019environ la moiti\u00e9 de celui de la France et le salaire moyen polonais est d\u2019environ 1 000 euros. Offrant une qualit\u00e9 de vie tr\u00e8s agr\u00e9able, la Pologne est une destination de choix par rapport aux pays d\u2019Europe occidentale.<\/p>\r\n\r\n\r\n\r\n<h4 class=\"wp-block-heading\"><span class=\"ez-toc-section\" id=\"Quel_budget_pour_vivre_en_Pologne\"><\/span>Quel budget pour vivre en Pologne ?<span class=\"ez-toc-section-end\"><\/span><\/h4>\r\n\r\n\r\n\r\n<p>BUDGET VOYAGE ET CO\u00dbT DE LA VIE EN POLOGNE Le co\u00fbt de la vie en Pologne est inf\u00e9rieur de 47% \u00e0 celui de la France. Cependant, le pouvoir d\u2019achat local y est inf\u00e9rieur de 29 %. Lors de vos d\u00e9placements, pr\u00e9voyez un budget local d\u2019au moins 49\u20ac\/jour et par personne (229 PLN\/jour).<\/p>\r\n\r\n\r\n\r\n<h4 class=\"wp-block-heading\"><span class=\"ez-toc-section\" id=\"Comment_sont_les_gens_en_Pologne\"><\/span>Comment sont les gens en Pologne ?<span class=\"ez-toc-section-end\"><\/span><\/h4>\r\n\r\n\r\n\r\n<p>Malgr\u00e9 les barri\u00e8res linguistiques, les Polonais sont amicaux et accueillants, n\u2019h\u00e9sitant pas \u00e0 engager la conversation. La Pologne partage de nombreuses traditions avec d\u2019autres pays europ\u00e9ens, en particulier en ce qui concerne les f\u00eates catholiques comme No\u00ebl et P\u00e2ques.<\/p>\r\n\r\n\r\n\r\n<h3 class=\"wp-block-heading\"><span class=\"ez-toc-section\" id=\"Est-ce_que_la_Pologne_est_une_dictature\"><\/span>Est-ce que la Pologne est une dictature ?<span class=\"ez-toc-section-end\"><\/span><\/h3>\r\n\r\n\r\n\r\n<p>La R\u00e9publique populaire de Pologne (en polonais : Polska Rzeczpospolita Ludowa, PRL) \u00e9tait le nom officiel de la Pologne de 1952 \u00e0 1989, p\u00e9riode pendant laquelle le pays \u00e9tait gouvern\u00e9 par un r\u00e9gime se r\u00e9clamant du marxisme-l\u00e9ninisme, domin\u00e9 par le Parti ouvrier uni polonais. .<\/p>\r\n\r\n\r\n\r\n<h4 class=\"wp-block-heading\"><span class=\"ez-toc-section\" id=\"Qui_est_au_pouvoir_en_Pologne\"><\/span>Qui est au pouvoir en Pologne ?<span class=\"ez-toc-section-end\"><\/span><\/h4>\r\n\r\n\r\n\r\n<p>Andrzej Duda est pr\u00e9sident de la R\u00e9publique depuis mai 2015. Le pr\u00e9sident du Conseil des ministres (Prezes rady ministr\u00f3w ou Premier ministre) est le chef du pouvoir ex\u00e9cutif. Son cabinet est responsable devant la Di\u00e8te de Pologne. Mateusz Morawiecki est \u00e0 la t\u00eate du gouvernement polonais depuis d\u00e9cembre 2017.<\/p>\r\n\r\n\r\n\r\n<h4 class=\"wp-block-heading\"><span class=\"ez-toc-section\" id=\"Quelle_est_la_situation_de_la_Pologne\"><\/span>Quelle est la situation de la Pologne ?<span class=\"ez-toc-section-end\"><\/span><\/h4>\r\n\r\n\r\n\r\n<p>La Pologne est situ\u00e9e au centre de l\u2019Europe. Sa superficie est de 312 685 km\u00b2. Elle est d\u00e9limit\u00e9e au nord par la mer Baltique, au sud par les Carpates, les Beskides et les Sud\u00e8tes.<\/p>\r\n\r\n\r\n\r\n<h3 class=\"wp-block-heading\"><span class=\"ez-toc-section\" id=\"Est-ce_que_la_Pologne_est_une_democratie\"><\/span>Est-ce que la Pologne est une d\u00e9mocratie ?<span class=\"ez-toc-section-end\"><\/span><\/h3>\r\n\r\n\r\n\r\n<p>La Pologne est une r\u00e9publique depuis 1990 (la Troisi\u00e8me R\u00e9publique \u2013 III Rzeczpospolita) avec un r\u00e9gime semi-pr\u00e9sidentiel (pr\u00e9sence d\u2019un chef d\u2019Etat au pouvoir fort ainsi qu\u2019un m\u00e9canisme parlementaire).<\/p>\r\n\r\n\r\n\r\n<h4 class=\"wp-block-heading\"><span class=\"ez-toc-section\" id=\"Quand_la_Pologne_est_devenue_une_democratie\"><\/span>Quand la Pologne est devenue une d\u00e9mocratie ?<span class=\"ez-toc-section-end\"><\/span><\/h4>\r\n\r\n\r\n\r\n<p>La Pologne \u00e9tait alors membre du COMECON et du Pacte de Varsovie d\u00e8s sa cr\u00e9ation en 1955, faisant alors partie des r\u00e9gimes de \u00ab d\u00e9mocratie populaire \u00bb politiquement align\u00e9s sur l\u2019URSS au sein du bloc de l\u2019Est. Drapeau de la R\u00e9publique populaire de Pologne.<\/p>\r\n\r\n\r\n\r\n<h4 class=\"wp-block-heading\"><span class=\"ez-toc-section\" id=\"Quelle_Est-ce_que_la_democratie\"><\/span>Quelle Est-ce que la d\u00e9mocratie ?<span class=\"ez-toc-section-end\"><\/span><\/h4>\r\n\r\n\r\n\r\n<p>Ce terme d\u00e9signe aujourd\u2019hui tout syst\u00e8me politique dans lequel le peuple est souverain. Par extension, la d\u00e9mocratie peut aussi qualifier une forme de soci\u00e9t\u00e9, la mani\u00e8re de se gouverner adopt\u00e9e par une organisation ou encore un syst\u00e8me de valeurs.<\/p>\r\n\r\n\r\n\r\n<h2 class=\"wp-block-heading\"><span class=\"ez-toc-section\" id=\"Quel_est_lage_de_Polska\"><\/span>Quel est l\u2019\u00e2ge de Polska ?<span class=\"ez-toc-section-end\"><\/span><\/h2>\r\n\r\n\r\n\r\n<figure><img decoding=\"async\" class=\"attachment-full size-full\" src=\"https:\/\/toukiela.com\/wp-content\/uploads\/2022\/06\/Quel-est-lage-de-Polska-.jpeg\" sizes=\"(max-width: 1298px) 100vw, 1298px\" srcset=\"https:\/\/i0.wp.com\/toukiela.com\/wp-content\/uploads\/2022\/06\/Quel-est-lage-de-Polska-.jpeg?w=1298&amp;ssl=1 1298w, https:\/\/i0.wp.com\/toukiela.com\/wp-content\/uploads\/2022\/06\/Quel-est-lage-de-Polska-.jpeg?resize=225%2C300&amp;ssl=1 225w, https:\/\/i0.wp.com\/toukiela.com\/wp-content\/uploads\/2022\/06\/Quel-est-lage-de-Polska-.jpeg?resize=768%2C1024&amp;ssl=1 768w, https:\/\/i0.wp.com\/toukiela.com\/wp-content\/uploads\/2022\/06\/Quel-est-lage-de-Polska-.jpeg?resize=1152%2C1536&amp;ssl=1 1152w, https:\/\/i0.wp.com\/toukiela.com\/wp-content\/uploads\/2022\/06\/Quel-est-lage-de-Polska-.jpeg?resize=9%2C12&amp;ssl=1 9w, https:\/\/i0.wp.com\/toukiela.com\/wp-content\/uploads\/2022\/06\/Quel-est-lage-de-Polska-.jpeg?resize=37%2C50&amp;ssl=1 37w, https:\/\/i0.wp.com\/toukiela.com\/wp-content\/uploads\/2022\/06\/Quel-est-lage-de-Polska-.jpeg?resize=1080%2C1440&amp;ssl=1 1080w, https:\/\/i0.wp.com\/toukiela.com\/wp-content\/uploads\/2022\/06\/Quel-est-lage-de-Polska-.jpeg?resize=1280%2C1707&amp;ssl=1 1280w, https:\/\/i0.wp.com\/toukiela.com\/wp-content\/uploads\/2022\/06\/Quel-est-lage-de-Polska-.jpeg?resize=980%2C1307&amp;ssl=1 980w, https:\/\/i0.wp.com\/toukiela.com\/wp-content\/uploads\/2022\/06\/Quel-est-lage-de-Polska-.jpeg?resize=480%2C640&amp;ssl=1 480w\" alt=\"Quel est l'\u00e2ge de Polska ?\" width=\"1298\" height=\"1731\"><\/figure>\r\n\r\n\r\n\r\n<p>L\u2019influenceuse Polska est une jeune femme de 23 ans d\u2019origine polonaise.<\/p>\r\n\r\n\r\n\r\n<h2 class=\"wp-block-heading\"><span class=\"ez-toc-section\" id=\"Qui_est_Polska_l_Influenceuse\"><\/span>Qui est Polska l Influenceuse ?<span class=\"ez-toc-section-end\"><\/span><\/h2>\r\n\r\n\r\n\r\n<figure><img decoding=\"async\" class=\"attachment-full size-full\" src=\"https:\/\/toukiela.com\/wp-content\/uploads\/2022\/06\/Qui-est-Polska-l-Influenceuse-.jpeg\" sizes=\"(max-width: 300px) 100vw, 300px\" srcset=\"https:\/\/i0.wp.com\/toukiela.com\/wp-content\/uploads\/2022\/06\/Qui-est-Polska-l-Influenceuse-.jpeg?w=300&amp;ssl=1 300w, https:\/\/i0.wp.com\/toukiela.com\/wp-content\/uploads\/2022\/06\/Qui-est-Polska-l-Influenceuse-.jpeg?resize=18%2C10&amp;ssl=1 18w, https:\/\/i0.wp.com\/toukiela.com\/wp-content\/uploads\/2022\/06\/Qui-est-Polska-l-Influenceuse-.jpeg?resize=50%2C28&amp;ssl=1 50w\" alt=\"Qui est Polska l Influenceuse ?\" width=\"300\" height=\"169\"><\/figure>\r\n\r\n\r\n\r\n<p>L\u2019influenceuse Polska est une jeune femme de 23 ans d\u2019origine polonaise. Elle est c\u00e9l\u00e8bre pour ses blagues et ses remarques rac\u00e9es. Sulfureuse, elle s\u2019est autoproclam\u00e9e la plus belle femme de France. Elle est tr\u00e8s ouverte sur des sujets class\u00e9s tabous.<\/p>\r\n\r\n\r\n\r\n<p>Quel est le pr\u00e9nom de Polska ? Le terme polska signifie \u00ab\u00a0polonais\u00a0\u00bb en su\u00e9dois et ce terme est utilis\u00e9 en contraction pour signifier \u00ab\u00a0danse polonaise\u00a0\u00bb. L\u2019origine de la polska est incertaine, mais le nom peut sugg\u00e9rer qu\u2019il s\u2019agit d\u2019une danse polonaise.<\/p>\r\n\r\n\r\n\r\n<h2 class=\"wp-block-heading\"><span class=\"ez-toc-section\" id=\"Qui_est_Polska_cute-2\"><\/span>Qui est Polska cute ?<span class=\"ez-toc-section-end\"><\/span><\/h2>\r\n\r\n\r\n\r\n<figure><img decoding=\"async\" class=\"attachment-full size-full\" src=\"https:\/\/toukiela.com\/wp-content\/uploads\/2022\/06\/Qui-est-Polska-cute-.png\" sizes=\"(max-width: 870px) 100vw, 870px\" srcset=\"https:\/\/i0.wp.com\/toukiela.com\/wp-content\/uploads\/2022\/06\/Qui-est-Polska-cute-.png?w=870&amp;ssl=1 870w, https:\/\/i0.wp.com\/toukiela.com\/wp-content\/uploads\/2022\/06\/Qui-est-Polska-cute-.png?resize=300%2C178&amp;ssl=1 300w, https:\/\/i0.wp.com\/toukiela.com\/wp-content\/uploads\/2022\/06\/Qui-est-Polska-cute-.png?resize=768%2C456&amp;ssl=1 768w, https:\/\/i0.wp.com\/toukiela.com\/wp-content\/uploads\/2022\/06\/Qui-est-Polska-cute-.png?resize=18%2C12&amp;ssl=1 18w, https:\/\/i0.wp.com\/toukiela.com\/wp-content\/uploads\/2022\/06\/Qui-est-Polska-cute-.png?resize=50%2C30&amp;ssl=1 50w, https:\/\/i0.wp.com\/toukiela.com\/wp-content\/uploads\/2022\/06\/Qui-est-Polska-cute-.png?resize=480%2C285&amp;ssl=1 480w\" alt=\"Qui est Polska cute ?\" width=\"870\" height=\"516\"><\/figure>\r\n\r\n\r\n\r\n<p>Polska est une jeune femme d\u2019origine polonaise qui s\u2019est connue sur la plateforme Twitter. En effet, Polska a publi\u00e9 une photo avec le hashtag #JeSuisCute qui a \u00e9t\u00e9 relay\u00e9e sur Twitter et qui est devenue un v\u00e9ritable ph\u00e9nom\u00e8ne sur la toile.<\/p>\r\n\r\n<p><script type=\"application\/ld+json\">{\"@context\":\"https:\/\/schema.org\",\"@type\":\"FAQPage\",\"mainEntity\":[{\"@type\":\"Question\",\"name\":\"Quelle est le Insta de Polska ?\",\"acceptedAnswer\":{\"@type\":\"Answer\",\"text\":\"Polska (@polska_cute_) &acirc;&euro;&cent; Photos et vid&eacute;os Instagram.De quel type d'Instagram s'agit-il&nbsp;? Compte personnel&nbsp;: pour les utilisateurs ordinaires qui souhaitent partager leurs photos avec leurs amis et leur famille. Compte professionnel : pour les entreprises qui souhaitent entrer en contact avec leurs clients, leur cible potentielle, leurs fans.\"}},{\"@type\":\"Question\",\"name\":\"Quel r&eacute;gime en Pologne ?\",\"acceptedAnswer\":{\"@type\":\"Answer\",\"text\":\"Quel parti politique en Pologne ?\"}},{\"@type\":\"Question\",\"name\":\"Quel est l'&acirc;ge de Polska ?\",\"acceptedAnswer\":{\"@type\":\"Answer\",\"text\":\"L'influenceuse Polska est une jeune femme de 23 ans d'origine polonaise.\"}},{\"@type\":\"Question\",\"name\":\"Qui est Polska l Influenceuse ?\",\"acceptedAnswer\":{\"@type\":\"Answer\",\"text\":\"L'influenceuse Polska est une jeune femme de 23 ans d'origine polonaise. Elle est c&eacute;l&egrave;bre pour ses blagues et ses remarques rac&eacute;es. Sulfureuse, elle s'est autoproclam&eacute;e la plus belle femme de France. Elle est tr&egrave;s ouverte sur des sujets class&eacute;s tabous.Quel est le pr&eacute;nom de Polska ? Le terme polska signifie \\\"polonais\\\" en su&eacute;dois et ce terme est utilis&eacute; en contraction pour signifier \\\"danse polonaise\\\". L'origine de la polska est incertaine, mais le nom peut sugg&eacute;rer qu'il s'agit d'une danse polonaise.\"}},{\"@type\":\"Question\",\"name\":\"Qui est Polska cute ?\",\"acceptedAnswer\":{\"@type\":\"Answer\",\"text\":\"Polska est une jeune femme d'origine polonaise qui s'est connue sur la plateforme Twitter. En effet, Polska a publi&eacute; une photo avec le hashtag #JeSuisCute qui a &eacute;t&eacute; relay&eacute;e sur Twitter et qui est devenue un v&eacute;ritable ph&eacute;nom&egrave;ne sur la toile.\"}}]}<\/script><\/p>\n\n","protected":false},"excerpt":{"rendered":"","protected":false},"author":1,"featured_media":1638,"comment_status":"open","ping_status":"open","sticky":false,"template":"","format":"standard","meta":{"_seopress_robots_primary_cat":"none","_seopress_titles_title":"","_seopress_titles_desc":"","_seopress_robots_index":"","footnotes":""},"categories":[31],"tags":[141,139,142,140,138],"class_list":["post-1637","post","type-post","status-publish","format-standard","has-post-thumbnail","hentry","category-life-style","tag-instagram","tag-pologne","tag-polonais","tag-polonaise","tag-polska","generate-columns","tablet-grid-50","mobile-grid-100","grid-parent","grid-50"],"_links":{"self":[{"href":"https:\/\/toukiela.com\/de\/wp-json\/wp\/v2\/posts\/1637","targetHints":{"allow":["GET"]}}],"collection":[{"href":"https:\/\/toukiela.com\/de\/wp-json\/wp\/v2\/posts"}],"about":[{"href":"https:\/\/toukiela.com\/de\/wp-json\/wp\/v2\/types\/post"}],"author":[{"embeddable":true,"href":"https:\/\/toukiela.com\/de\/wp-json\/wp\/v2\/users\/1"}],"replies":[{"embeddable":true,"href":"https:\/\/toukiela.com\/de\/wp-json\/wp\/v2\/comments?post=1637"}],"version-history":[{"count":0,"href":"https:\/\/toukiela.com\/de\/wp-json\/wp\/v2\/posts\/1637\/revisions"}],"wp:featuredmedia":[{"embeddable":true,"href":"https:\/\/toukiela.com\/de\/wp-json\/wp\/v2\/media\/1638"}],"wp:attachment":[{"href":"https:\/\/toukiela.com\/de\/wp-json\/wp\/v2\/media?parent=1637"}],"wp:term":[{"taxonomy":"category","embeddable":true,"href":"https:\/\/toukiela.com\/de\/wp-json\/wp\/v2\/categories?post=1637"},{"taxonomy":"post_tag","embeddable":true,"href":"https:\/\/toukiela.com\/de\/wp-json\/wp\/v2\/tags?post=1637"}],"curies":[{"name":"wp","href":"https:\/\/api.w.org\/{rel}","templated":true}]}}