{"id":11509,"date":"2024-03-14T17:03:54","date_gmt":"2024-03-14T15:03:54","guid":{"rendered":"https:\/\/toukiela.com\/24-heures-avec-gaspar-eclaircissement-sur-la-fin-qui-a-perdu-la-vie\/"},"modified":"2024-03-14T17:03:55","modified_gmt":"2024-03-14T15:03:55","slug":"24-heures-avec-gaspar-eclaircissement-sur-la-fin-qui-a-perdu-la-vie","status":"publish","type":"post","link":"https:\/\/toukiela.com\/de\/24-heures-avec-gaspar-eclaircissement-sur-la-fin-qui-a-perdu-la-vie\/","title":{"rendered":"24 Heures avec Gaspar : \u00c9claircissement sur la fin ! Qui a perdu la vie ?"},"content":{"rendered":"<p><em><\/em><\/p>\n<p>Vous \u00eates sur le point de vous plonger dans un univers passionnant et riche en informations. Pr\u00e9parez-vous \u00e0 d\u00e9couvrir des d\u00e9tails croustillants sur une s\u00e9rie tr\u00e8s populaire. Restez avec nous et vous ne serez pas d\u00e9\u00e7u !<\/p>\n<div id=\"ez-toc-container\" class=\"ez-toc-v2_0_82_2 counter-hierarchy ez-toc-counter ez-toc-grey ez-toc-container-direction\">\n<p class=\"ez-toc-title\" style=\"cursor:inherit\">Inhaltsverzeichnis<\/p>\n<label for=\"ez-toc-cssicon-toggle-item-69f1c592e8adc\" class=\"ez-toc-cssicon-toggle-label\"><span class=\"\"><span class=\"eztoc-hide\" style=\"display:none;\">Toggle<\/span><span class=\"ez-toc-icon-toggle-span\"><svg style=\"fill: #999;color:#999\" xmlns=\"http:\/\/www.w3.org\/2000\/svg\" class=\"list-377408\" width=\"20px\" height=\"20px\" viewbox=\"0 0 24 24\" fill=\"none\"><path d=\"M6 6H4v2h2V6zm14 0H8v2h12V6zM4 11h2v2H4v-2zm16 0H8v2h12v-2zM4 16h2v2H4v-2zm16 0H8v2h12v-2z\" fill=\"currentColor\"><\/path><\/svg><svg style=\"fill: #999;color:#999\" class=\"arrow-unsorted-368013\" xmlns=\"http:\/\/www.w3.org\/2000\/svg\" width=\"10px\" height=\"10px\" viewbox=\"0 0 24 24\" version=\"1.2\" baseprofile=\"tiny\"><path d=\"M18.2 9.3l-6.2-6.3-6.2 6.3c-.2.2-.3.4-.3.7s.1.5.3.7c.2.2.4.3.7.3h11c.3 0 .5-.1.7-.3.2-.2.3-.5.3-.7s-.1-.5-.3-.7zM5.8 14.7l6.2 6.3 6.2-6.3c.2-.2.3-.5.3-.7s-.1-.5-.3-.7c-.2-.2-.4-.3-.7-.3h-11c-.3 0-.5.1-.7.3-.2.2-.3.5-.3.7s.1.5.3.7z\"\/><\/svg><\/span><\/span><\/label><input type=\"checkbox\"  id=\"ez-toc-cssicon-toggle-item-69f1c592e8adc\"  aria-label=\"Toggle\" \/><nav><ul class='ez-toc-list ez-toc-list-level-1' ><li class='ez-toc-page-1 ez-toc-heading-level-2'><a class=\"ez-toc-link ez-toc-heading-1\" href=\"https:\/\/toukiela.com\/de\/24-heures-avec-gaspar-eclaircissement-sur-la-fin-qui-a-perdu-la-vie\/#La_fin_de_la_premiere_saison_de_Bandidos_expliquee\" >La fin de la premi\u00e8re saison de Bandidos expliqu\u00e9e<\/a><\/li><li class='ez-toc-page-1 ez-toc-heading-level-2'><a class=\"ez-toc-link ez-toc-heading-2\" href=\"https:\/\/toukiela.com\/de\/24-heures-avec-gaspar-eclaircissement-sur-la-fin-qui-a-perdu-la-vie\/#Ou_la_premiere_saison_de_Bandidos_a-t-elle_ete_filmee\" >O\u00f9 la premi\u00e8re saison de Bandidos a-t-elle \u00e9t\u00e9 film\u00e9e ?<\/a><\/li><li class='ez-toc-page-1 ez-toc-heading-level-2'><a class=\"ez-toc-link ez-toc-heading-3\" href=\"https:\/\/toukiela.com\/de\/24-heures-avec-gaspar-eclaircissement-sur-la-fin-qui-a-perdu-la-vie\/#Bandidos_saison_2_Quand_sortira-t-elle_sur_Netflix\" >Bandidos saison 2 : Quand sortira-t-elle sur Netflix ?<\/a><\/li><li class='ez-toc-page-1 ez-toc-heading-level-2'><a class=\"ez-toc-link ez-toc-heading-4\" href=\"https:\/\/toukiela.com\/de\/24-heures-avec-gaspar-eclaircissement-sur-la-fin-qui-a-perdu-la-vie\/#Des_articles_en_relation_pour_en_savoir_plus\" >Des articles en relation pour en savoir plus<\/a><\/li><li class='ez-toc-page-1 ez-toc-heading-level-2'><a class=\"ez-toc-link ez-toc-heading-5\" href=\"https:\/\/toukiela.com\/de\/24-heures-avec-gaspar-eclaircissement-sur-la-fin-qui-a-perdu-la-vie\/#Plus_darticles_de_lauteur\" >Weitere Artikel des Autors<\/a><\/li><\/ul><\/nav><\/div>\n<h2><span class=\"ez-toc-section\" id=\"La_fin_de_la_premiere_saison_de_Bandidos_expliquee\"><\/span>La fin de la premi\u00e8re saison de Bandidos expliqu\u00e9e <span class=\"ez-toc-section-end\"><\/span><\/h2>\n<p>Vous avez \u00e9t\u00e9 nombreux \u00e0 suivre avec int\u00e9r\u00eat la saison 1 de <strong>Bandidos<\/strong>. Mais la fin de cette saison a laiss\u00e9 certains d\u2019entre vous perplexe. Qui est donc d\u00e9c\u00e9d\u00e9 ? Quels sont les \u00e9l\u00e9ments qui permettent de comprendre cette conclusion ? Nous avons toutes les r\u00e9ponses \u00e0 vos questions. <\/p>\n<h2><span class=\"ez-toc-section\" id=\"Ou_la_premiere_saison_de_Bandidos_a-t-elle_ete_filmee\"><\/span>O\u00f9 la premi\u00e8re saison de Bandidos a-t-elle \u00e9t\u00e9 film\u00e9e ? <span class=\"ez-toc-section-end\"><\/span><\/h2>\n<p>Vous avez \u00e9t\u00e9 impressionn\u00e9 par les d\u00e9cors de la s\u00e9rie <strong>Bandidos<\/strong> et vous vous demandez o\u00f9 le tournage a eu lieu ? Nous avons men\u00e9 l\u2019enqu\u00eate pour vous et nous vous d\u00e9voilons tous les lieux de tournage de cette s\u00e9rie \u00e0 succ\u00e8s. <\/p>\n<h2><span class=\"ez-toc-section\" id=\"Bandidos_saison_2_Quand_sortira-t-elle_sur_Netflix\"><\/span>Bandidos saison 2 : Quand sortira-t-elle sur Netflix ?<span class=\"ez-toc-section-end\"><\/span><\/h2>\n<p>Vous \u00eates d\u00e9j\u00e0 accro \u00e0 <strong>Bandidos<\/strong> et vous tr\u00e9pignez d\u2019impatience \u00e0 l\u2019id\u00e9e de d\u00e9couvrir la saison 2 ? Vous vous demandez quand elle sera disponible sur Netflix ? Nous avons les informations que vous cherchez. Restez \u00e0 l\u2019\u00e9coute de Toukiela pour ne rien manquer !<\/p>\n<h2><span class=\"ez-toc-section\" id=\"Des_articles_en_relation_pour_en_savoir_plus\"><\/span>Des articles en relation pour en savoir plus<span class=\"ez-toc-section-end\"><\/span><\/h2>\n<p>Si vous voulez en savoir plus sur <strong>Bandidos<\/strong>, restez avec nous ! Nous avons d\u2019autres articles en relation pour vous. Ils vous permettront de d\u00e9couvrir encore plus de d\u00e9tails sur cette s\u00e9rie qui a su captiver votre attention. <\/p>\n<h2><span class=\"ez-toc-section\" id=\"Plus_darticles_de_lauteur\"><\/span>Weitere Artikel des Autors<span class=\"ez-toc-section-end\"><\/span><\/h2>\n<p>Vous appr\u00e9ciez le style de notre auteur et vous voulez d\u00e9couvrir d\u2019autres articles de sa plume ? Nous avons ce qu\u2019il vous faut ! D\u00e9couvrez plus d\u2019articles de cet auteur sur Toukiela. <\/p>","protected":false},"excerpt":{"rendered":"","protected":false},"author":1,"featured_media":11511,"comment_status":"open","ping_status":"open","sticky":false,"template":"","format":"standard","meta":{"_seopress_robots_primary_cat":"","_seopress_titles_title":"","_seopress_titles_desc":"","_seopress_robots_index":"","footnotes":""},"categories":[644],"tags":[],"class_list":["post-11509","post","type-post","status-publish","format-standard","has-post-thumbnail","hentry","category-series","generate-columns","tablet-grid-50","mobile-grid-100","grid-parent","grid-50"],"_links":{"self":[{"href":"https:\/\/toukiela.com\/de\/wp-json\/wp\/v2\/posts\/11509","targetHints":{"allow":["GET"]}}],"collection":[{"href":"https:\/\/toukiela.com\/de\/wp-json\/wp\/v2\/posts"}],"about":[{"href":"https:\/\/toukiela.com\/de\/wp-json\/wp\/v2\/types\/post"}],"author":[{"embeddable":true,"href":"https:\/\/toukiela.com\/de\/wp-json\/wp\/v2\/users\/1"}],"replies":[{"embeddable":true,"href":"https:\/\/toukiela.com\/de\/wp-json\/wp\/v2\/comments?post=11509"}],"version-history":[{"count":1,"href":"https:\/\/toukiela.com\/de\/wp-json\/wp\/v2\/posts\/11509\/revisions"}],"predecessor-version":[{"id":11510,"href":"https:\/\/toukiela.com\/de\/wp-json\/wp\/v2\/posts\/11509\/revisions\/11510"}],"wp:featuredmedia":[{"embeddable":true,"href":"https:\/\/toukiela.com\/de\/wp-json\/wp\/v2\/media\/11511"}],"wp:attachment":[{"href":"https:\/\/toukiela.com\/de\/wp-json\/wp\/v2\/media?parent=11509"}],"wp:term":[{"taxonomy":"category","embeddable":true,"href":"https:\/\/toukiela.com\/de\/wp-json\/wp\/v2\/categories?post=11509"},{"taxonomy":"post_tag","embeddable":true,"href":"https:\/\/toukiela.com\/de\/wp-json\/wp\/v2\/tags?post=11509"}],"curies":[{"name":"wp","href":"https:\/\/api.w.org\/{rel}","templated":true}]}}