{"id":11402,"date":"2024-03-09T19:11:57","date_gmt":"2024-03-09T17:11:57","guid":{"rendered":"https:\/\/toukiela.com\/the-signal-saison-2-quelle-est-la-date-de-sortie-sur-netflix\/"},"modified":"2024-03-09T19:11:58","modified_gmt":"2024-03-09T17:11:58","slug":"the-signal-saison-2-quelle-est-la-date-de-sortie-sur-netflix","status":"publish","type":"post","link":"https:\/\/toukiela.com\/de\/the-signal-saison-2-quelle-est-la-date-de-sortie-sur-netflix\/","title":{"rendered":"The Signal Saison 2 : Quelle est la date de sortie sur Netflix ?"},"content":{"rendered":"<p><em><\/em><\/p>\n<div id=\"ez-toc-container\" class=\"ez-toc-v2_0_82_2 counter-hierarchy ez-toc-counter ez-toc-grey ez-toc-container-direction\">\n<p class=\"ez-toc-title\" style=\"cursor:inherit\">Inhaltsverzeichnis<\/p>\n<label for=\"ez-toc-cssicon-toggle-item-69f1c5ae505e0\" class=\"ez-toc-cssicon-toggle-label\"><span class=\"\"><span class=\"eztoc-hide\" style=\"display:none;\">Toggle<\/span><span class=\"ez-toc-icon-toggle-span\"><svg style=\"fill: #999;color:#999\" xmlns=\"http:\/\/www.w3.org\/2000\/svg\" class=\"list-377408\" width=\"20px\" height=\"20px\" viewbox=\"0 0 24 24\" fill=\"none\"><path d=\"M6 6H4v2h2V6zm14 0H8v2h12V6zM4 11h2v2H4v-2zm16 0H8v2h12v-2zM4 16h2v2H4v-2zm16 0H8v2h12v-2z\" fill=\"currentColor\"><\/path><\/svg><svg style=\"fill: #999;color:#999\" class=\"arrow-unsorted-368013\" xmlns=\"http:\/\/www.w3.org\/2000\/svg\" width=\"10px\" height=\"10px\" viewbox=\"0 0 24 24\" version=\"1.2\" baseprofile=\"tiny\"><path d=\"M18.2 9.3l-6.2-6.3-6.2 6.3c-.2.2-.3.4-.3.7s.1.5.3.7c.2.2.4.3.7.3h11c.3 0 .5-.1.7-.3.2-.2.3-.5.3-.7s-.1-.5-.3-.7zM5.8 14.7l6.2 6.3 6.2-6.3c.2-.2.3-.5.3-.7s-.1-.5-.3-.7c-.2-.2-.4-.3-.7-.3h-11c-.3 0-.5.1-.7.3-.2.2-.3.5-.3.7s.1.5.3.7z\"\/><\/svg><\/span><\/span><\/label><input type=\"checkbox\"  id=\"ez-toc-cssicon-toggle-item-69f1c5ae505e0\"  aria-label=\"Toggle\" \/><nav><ul class='ez-toc-list ez-toc-list-level-1' ><li class='ez-toc-page-1 ez-toc-heading-level-2'><a class=\"ez-toc-link ez-toc-heading-1\" href=\"https:\/\/toukiela.com\/de\/the-signal-saison-2-quelle-est-la-date-de-sortie-sur-netflix\/#Articles_en_relation\" >Verwandte Artikel<\/a><ul class='ez-toc-list-level-3' ><li class='ez-toc-heading-level-3'><a class=\"ez-toc-link ez-toc-heading-2\" href=\"https:\/\/toukiela.com\/de\/the-signal-saison-2-quelle-est-la-date-de-sortie-sur-netflix\/#La_Demoiselle_et_le_Dragon_Ou_a-t-il_ete_filme_Lieux_de_tournage\" >La Demoiselle et le Dragon : O\u00f9 a-t-il \u00e9t\u00e9 film\u00e9 ? Lieux de tournage !<\/a><\/li><li class='ez-toc-page-1 ez-toc-heading-level-3'><a class=\"ez-toc-link ez-toc-heading-3\" href=\"https:\/\/toukiela.com\/de\/the-signal-saison-2-quelle-est-la-date-de-sortie-sur-netflix\/#La_Demoiselle_et_le_Dragon_2_Quelle_date_de_sortie_sur_Netflix\" >La Demoiselle et le Dragon 2 : Quelle date de sortie sur Netflix ?<\/a><\/li><li class='ez-toc-page-1 ez-toc-heading-level-3'><a class=\"ez-toc-link ez-toc-heading-4\" href=\"https:\/\/toukiela.com\/de\/the-signal-saison-2-quelle-est-la-date-de-sortie-sur-netflix\/#La_Demoiselle_et_le_Dragon_Explication_de_la_fin_Qui_est_mort\" >La Demoiselle et le Dragon : Explication de la fin ! Qui est mort ?<\/a><\/li><\/ul><\/li><li class='ez-toc-page-1 ez-toc-heading-level-2'><a class=\"ez-toc-link ez-toc-heading-5\" href=\"https:\/\/toukiela.com\/de\/the-signal-saison-2-quelle-est-la-date-de-sortie-sur-netflix\/#Plus_de_lauteur\" >Mehr vom Autor<\/a><\/li><li class='ez-toc-page-1 ez-toc-heading-level-2'><a class=\"ez-toc-link ez-toc-heading-6\" href=\"https:\/\/toukiela.com\/de\/the-signal-saison-2-quelle-est-la-date-de-sortie-sur-netflix\/#Navigation\" >Navigation<\/a><\/li><\/ul><\/nav><\/div>\n<h2><span class=\"ez-toc-section\" id=\"Articles_en_relation\"><\/span>Verwandte Artikel<span class=\"ez-toc-section-end\"><\/span><\/h2>\n<p><\/p>\n<h3><span class=\"ez-toc-section\" id=\"La_Demoiselle_et_le_Dragon_Ou_a-t-il_ete_filme_Lieux_de_tournage\"><\/span>La Demoiselle et le Dragon : O\u00f9 a-t-il \u00e9t\u00e9 film\u00e9 ? Lieux de tournage !<span class=\"ez-toc-section-end\"><\/span><\/h3>\n<p><\/p>\n<p>Le film La Demoiselle et le Dragon a \u00e9t\u00e9 tourn\u00e9 dans plusieurs endroits. D\u00e9couvrez les lieux de tournage de ce film fantastique.<\/p>\n<h3><span class=\"ez-toc-section\" id=\"La_Demoiselle_et_le_Dragon_2_Quelle_date_de_sortie_sur_Netflix\"><\/span>La Demoiselle et le Dragon 2 : Quelle date de sortie sur Netflix ?<span class=\"ez-toc-section-end\"><\/span><\/h3>\n<p><\/p>\n<p>Le deuxi\u00e8me volet de La Demoiselle et le Dragon va bient\u00f4t sortir sur Netflix. D\u00e9couvrez la date de sortie de ce film d\u2019aventure.<\/p>\n<h3><span class=\"ez-toc-section\" id=\"La_Demoiselle_et_le_Dragon_Explication_de_la_fin_Qui_est_mort\"><\/span>La Demoiselle et le Dragon : Explication de la fin ! Qui est mort ?<span class=\"ez-toc-section-end\"><\/span><\/h3>\n<p><\/p>\n<p>La fin du film La Demoiselle et le Dragon soul\u00e8ve des questions. D\u00e9couvrez une explication d\u00e9taill\u00e9e de la fin et des personnages qui ont perdu la vie.<\/p>\n<h2><span class=\"ez-toc-section\" id=\"Plus_de_lauteur\"><\/span>Mehr vom Autor<span class=\"ez-toc-section-end\"><\/span><\/h2>\n<p><\/p>\n<p>D\u00e9couvrez d\u2019autres articles \u00e9crits par l\u2019auteur de cet article sur le site Toukiela.<\/p>\n<h2><span class=\"ez-toc-section\" id=\"Navigation\"><\/span>Navigation<span class=\"ez-toc-section-end\"><\/span><\/h2>\n<p><\/p>\n<p>Naviguez entre les articles en utilisant les boutons de pagination ci-dessous.<\/p>","protected":false},"excerpt":{"rendered":"","protected":false},"author":1,"featured_media":11404,"comment_status":"open","ping_status":"open","sticky":false,"template":"","format":"standard","meta":{"_seopress_robots_primary_cat":"","_seopress_titles_title":"","_seopress_titles_desc":"","_seopress_robots_index":"","footnotes":""},"categories":[645],"tags":[],"class_list":["post-11402","post","type-post","status-publish","format-standard","has-post-thumbnail","hentry","category-netflix","generate-columns","tablet-grid-50","mobile-grid-100","grid-parent","grid-50"],"_links":{"self":[{"href":"https:\/\/toukiela.com\/de\/wp-json\/wp\/v2\/posts\/11402","targetHints":{"allow":["GET"]}}],"collection":[{"href":"https:\/\/toukiela.com\/de\/wp-json\/wp\/v2\/posts"}],"about":[{"href":"https:\/\/toukiela.com\/de\/wp-json\/wp\/v2\/types\/post"}],"author":[{"embeddable":true,"href":"https:\/\/toukiela.com\/de\/wp-json\/wp\/v2\/users\/1"}],"replies":[{"embeddable":true,"href":"https:\/\/toukiela.com\/de\/wp-json\/wp\/v2\/comments?post=11402"}],"version-history":[{"count":1,"href":"https:\/\/toukiela.com\/de\/wp-json\/wp\/v2\/posts\/11402\/revisions"}],"predecessor-version":[{"id":11403,"href":"https:\/\/toukiela.com\/de\/wp-json\/wp\/v2\/posts\/11402\/revisions\/11403"}],"wp:featuredmedia":[{"embeddable":true,"href":"https:\/\/toukiela.com\/de\/wp-json\/wp\/v2\/media\/11404"}],"wp:attachment":[{"href":"https:\/\/toukiela.com\/de\/wp-json\/wp\/v2\/media?parent=11402"}],"wp:term":[{"taxonomy":"category","embeddable":true,"href":"https:\/\/toukiela.com\/de\/wp-json\/wp\/v2\/categories?post=11402"},{"taxonomy":"post_tag","embeddable":true,"href":"https:\/\/toukiela.com\/de\/wp-json\/wp\/v2\/tags?post=11402"}],"curies":[{"name":"wp","href":"https:\/\/api.w.org\/{rel}","templated":true}]}}