{"id":10913,"date":"2024-02-23T19:11:00","date_gmt":"2024-02-23T17:11:00","guid":{"rendered":"https:\/\/toukiela.com\/les-acteurs-de-raquel-et-ares-sont-ils-en-couple-dans-la-vie-reelle\/"},"modified":"2024-02-23T19:11:01","modified_gmt":"2024-02-23T17:11:01","slug":"les-acteurs-de-raquel-et-ares-sont-ils-en-couple-dans-la-vie-reelle","status":"publish","type":"post","link":"https:\/\/toukiela.com\/de\/les-acteurs-de-raquel-et-ares-sont-ils-en-couple-dans-la-vie-reelle\/","title":{"rendered":"Les acteurs de Raquel et Ares sont-ils en couple dans la vie r\u00e9elle ?"},"content":{"rendered":"<p><em><\/em><\/p>\n<div id=\"ez-toc-container\" class=\"ez-toc-v2_0_82_2 counter-hierarchy ez-toc-counter ez-toc-grey ez-toc-container-direction\">\n<p class=\"ez-toc-title\" style=\"cursor:inherit\">Inhaltsverzeichnis<\/p>\n<label for=\"ez-toc-cssicon-toggle-item-69f1d68f3efce\" class=\"ez-toc-cssicon-toggle-label\"><span class=\"\"><span class=\"eztoc-hide\" style=\"display:none;\">Toggle<\/span><span class=\"ez-toc-icon-toggle-span\"><svg style=\"fill: #999;color:#999\" xmlns=\"http:\/\/www.w3.org\/2000\/svg\" class=\"list-377408\" width=\"20px\" height=\"20px\" viewbox=\"0 0 24 24\" fill=\"none\"><path d=\"M6 6H4v2h2V6zm14 0H8v2h12V6zM4 11h2v2H4v-2zm16 0H8v2h12v-2zM4 16h2v2H4v-2zm16 0H8v2h12v-2z\" fill=\"currentColor\"><\/path><\/svg><svg style=\"fill: #999;color:#999\" class=\"arrow-unsorted-368013\" xmlns=\"http:\/\/www.w3.org\/2000\/svg\" width=\"10px\" height=\"10px\" viewbox=\"0 0 24 24\" version=\"1.2\" baseprofile=\"tiny\"><path d=\"M18.2 9.3l-6.2-6.3-6.2 6.3c-.2.2-.3.4-.3.7s.1.5.3.7c.2.2.4.3.7.3h11c.3 0 .5-.1.7-.3.2-.2.3-.5.3-.7s-.1-.5-.3-.7zM5.8 14.7l6.2 6.3 6.2-6.3c.2-.2.3-.5.3-.7s-.1-.5-.3-.7c-.2-.2-.4-.3-.7-.3h-11c-.3 0-.5.1-.7.3-.2.2-.3.5-.3.7s.1.5.3.7z\"\/><\/svg><\/span><\/span><\/label><input type=\"checkbox\"  id=\"ez-toc-cssicon-toggle-item-69f1d68f3efce\"  aria-label=\"Toggle\" \/><nav><ul class='ez-toc-list ez-toc-list-level-1' ><li class='ez-toc-page-1 ez-toc-heading-level-2'><a class=\"ez-toc-link ez-toc-heading-1\" href=\"https:\/\/toukiela.com\/de\/les-acteurs-de-raquel-et-ares-sont-ils-en-couple-dans-la-vie-reelle\/#ARTICLES_EN_RELATION\" >VERWANDTE ARTIKEL<\/a><ul class='ez-toc-list-level-3' ><li class='ez-toc-heading-level-3'><a class=\"ez-toc-link ez-toc-heading-2\" href=\"https:\/\/toukiela.com\/de\/les-acteurs-de-raquel-et-ares-sont-ils-en-couple-dans-la-vie-reelle\/#A_travers_ma_Fenetre_Clara_Galle_Julio_Pena_sont_ils_en_couple\" >A travers ma Fen\u00eatre : Clara Galle &amp; Julio Pena sont ils en couple ?<\/a><\/li><li class='ez-toc-page-1 ez-toc-heading-level-3'><a class=\"ez-toc-link ez-toc-heading-3\" href=\"https:\/\/toukiela.com\/de\/les-acteurs-de-raquel-et-ares-sont-ils-en-couple-dans-la-vie-reelle\/#A_travers_ma_Fenetre_A_partir_de_quel_age_pour_les_enfants\" >A travers ma Fen\u00eatre : A partir de quel \u00e2ge pour les enfants ?<\/a><\/li><li class='ez-toc-page-1 ez-toc-heading-level-3'><a class=\"ez-toc-link ez-toc-heading-4\" href=\"https:\/\/toukiela.com\/de\/les-acteurs-de-raquel-et-ares-sont-ils-en-couple-dans-la-vie-reelle\/#A_travers_ma_Fenetre_3_Ares_Raquel_finissent_ils_ensemble\" >A travers ma Fen\u00eatre 3 : Ares &amp; Raquel finissent ils ensemble ?<\/a><\/li><\/ul><\/li><li class='ez-toc-page-1 ez-toc-heading-level-2'><a class=\"ez-toc-link ez-toc-heading-5\" href=\"https:\/\/toukiela.com\/de\/les-acteurs-de-raquel-et-ares-sont-ils-en-couple-dans-la-vie-reelle\/#Articles_en_relation\" >Articles en relation :<\/a><\/li><li class='ez-toc-page-1 ez-toc-heading-level-2'><a class=\"ez-toc-link ez-toc-heading-6\" href=\"https:\/\/toukiela.com\/de\/les-acteurs-de-raquel-et-ares-sont-ils-en-couple-dans-la-vie-reelle\/#Article_1_A_travers_ma_Fenetre_Clara_Galle_Julio_Pena_sont_ils_en_couple\" >Article 1 : A travers ma Fen\u00eatre : Clara Galle &amp; Julio Pena sont ils en couple ?<\/a><\/li><li class='ez-toc-page-1 ez-toc-heading-level-2'><a class=\"ez-toc-link ez-toc-heading-7\" href=\"https:\/\/toukiela.com\/de\/les-acteurs-de-raquel-et-ares-sont-ils-en-couple-dans-la-vie-reelle\/#Article_2_A_travers_ma_Fenetre_A_partir_de_quel_age_pour_les_enfants\" >Article 2 : A travers ma Fen\u00eatre : A partir de quel \u00e2ge pour les enfants ?<\/a><\/li><li class='ez-toc-page-1 ez-toc-heading-level-2'><a class=\"ez-toc-link ez-toc-heading-8\" href=\"https:\/\/toukiela.com\/de\/les-acteurs-de-raquel-et-ares-sont-ils-en-couple-dans-la-vie-reelle\/#Article_3_A_travers_ma_Fenetre_3_Ares_Raquel_finissent_ils_ensemble\" >Article 3 : A travers ma Fen\u00eatre 3 : Ares &amp; Raquel finissent ils ensemble ?<\/a><\/li><li class='ez-toc-page-1 ez-toc-heading-level-2'><a class=\"ez-toc-link ez-toc-heading-9\" href=\"https:\/\/toukiela.com\/de\/les-acteurs-de-raquel-et-ares-sont-ils-en-couple-dans-la-vie-reelle\/#Conclusion\" >Schlussfolgerung<\/a><\/li><\/ul><\/nav><\/div>\n<h2><span class=\"ez-toc-section\" id=\"ARTICLES_EN_RELATION\"><\/span>VERWANDTE ARTIKEL<span class=\"ez-toc-section-end\"><\/span><\/h2>\n<p><\/p>\n<div class=\"td_block_inner\">\n<div class=\"td-related-row\">\n<div class=\"td-related-span4\">\n<div class=\"td_module_related_posts td-animation-stack td_mod_related_posts\">\n<div class=\"td-module-image\">\n<div class=\"td-module-thumb\">\n\t\t\t\t\t<a href=\"#\" rel=\"bookmark\" class=\"td-image-wrap\" title=\"A travers ma Fen\u00eatre : Clara Galle &amp; Julio Pena sont ils en couple ?\"><br>\n\t\t\t\t\t\t<img decoding=\"async\" width=\"218\" height=\"150\" class=\"entry-thumb\" src=\"#\" alt=\"clara galle julio pena couple\" title=\"A travers ma Fen\u00eatre : Clara Galle &amp; Julio Pena sont ils en couple ?\"><br>\n\t\t\t\t\t<\/a>\n\t\t\t\t<\/div>\n<p>\n\t\t\t<\/p><\/div>\n<p><\/p>\n<div class=\"item-details\">\n<h3 class=\"entry-title td-module-title\"><span class=\"ez-toc-section\" id=\"A_travers_ma_Fenetre_Clara_Galle_Julio_Pena_sont_ils_en_couple\"><\/span>\n\t\t\t\t\t<a href=\"#\" rel=\"bookmark\" title=\"A travers ma Fen\u00eatre : Clara Galle &amp; Julio Pena sont ils en couple ?\">A travers ma Fen\u00eatre : Clara Galle &amp; Julio Pena sont ils en couple ?<\/a><br>\n\t\t\t\t<span class=\"ez-toc-section-end\"><\/span><\/h3>\n<p>\n\t\t\t<\/p><\/div>\n<p>\n\t\t<\/p><\/div>\n<p>\n\t<\/p><\/div>\n<p> <!-- .\/td-related-span4 --><\/p>\n<div class=\"td-related-span4\">\n<div class=\"td_module_related_posts td-animation-stack td_mod_related_posts\">\n<div class=\"td-module-image\">\n<div class=\"td-module-thumb\">\n\t\t\t\t\t<a href=\"#\" rel=\"bookmark\" class=\"td-image-wrap\" title=\"A travers ma Fen\u00eatre : A partir de quel \u00e2ge pour les enfants ?\"><br>\n\t\t\t\t\t\t<img decoding=\"async\" width=\"218\" height=\"150\" class=\"entry-thumb\" src=\"#\" alt=\"a travers ma fenetre age\" title=\"A travers ma Fen\u00eatre : A partir de quel \u00e2ge pour les enfants ?\"><br>\n\t\t\t\t\t<\/a>\n\t\t\t\t<\/div>\n<p>\n\t\t\t<\/p><\/div>\n<p><\/p>\n<div class=\"item-details\">\n<h3 class=\"entry-title td-module-title\"><span class=\"ez-toc-section\" id=\"A_travers_ma_Fenetre_A_partir_de_quel_age_pour_les_enfants\"><\/span>\n\t\t\t\t\t<a href=\"#\" rel=\"bookmark\" title=\"A travers ma Fen\u00eatre : A partir de quel \u00e2ge pour les enfants ?\">A travers ma Fen\u00eatre : A partir de quel \u00e2ge pour les enfants ?<\/a><br>\n\t\t\t\t<span class=\"ez-toc-section-end\"><\/span><\/h3>\n<p>\n\t\t\t<\/p><\/div>\n<p>\n\t\t<\/p><\/div>\n<p>\n\t<\/p><\/div>\n<p> <!-- .\/td-related-span4 --><\/p>\n<div class=\"td-related-span4\">\n<div class=\"td_module_related_posts td-animation-stack td_mod_related_posts\">\n<div class=\"td-module-image\">\n<div class=\"td-module-thumb\">\n\t\t\t\t\t<a href=\"#\" rel=\"bookmark\" class=\"td-image-wrap\" title=\"A travers ma Fen\u00eatre 3 : Ares &amp; Raquel finissent ils ensemble ?\"><br>\n\t\t\t\t\t\t<img decoding=\"async\" width=\"218\" height=\"150\" class=\"entry-thumb\" src=\"#\" alt=\"a travers ma fenetre ares raquel\" title=\"A travers ma Fen\u00eatre 3 : Ares &amp; Raquel finissent ils ensemble ?\"><br>\n\t\t\t\t\t<\/a>\n\t\t\t\t<\/div>\n<p>\n\t\t\t<\/p><\/div>\n<p><\/p>\n<div class=\"item-details\">\n<h3 class=\"entry-title td-module-title\"><span class=\"ez-toc-section\" id=\"A_travers_ma_Fenetre_3_Ares_Raquel_finissent_ils_ensemble\"><\/span>\n\t\t\t\t\t<a href=\"#\" rel=\"bookmark\" title=\"A travers ma Fen\u00eatre 3 : Ares &amp; Raquel finissent ils ensemble ?\">A travers ma Fen\u00eatre 3 : Ares &amp; Raquel finissent ils ensemble ?<\/a><br>\n\t\t\t\t<span class=\"ez-toc-section-end\"><\/span><\/h3>\n<p>\n\t\t\t<\/p><\/div>\n<p>\n\t\t<\/p><\/div>\n<p>\n\t<\/p><\/div>\n<p> <!-- .\/td-related-span4 -->\n<\/p><\/div>\n<p><!--.\/row-fluid--><\/p><\/div>\n<div class=\"td-next-prev-wrap\">\n<a href=\"#\" class=\"td-ajax-prev-page ajax-page-disabled\" aria-label=\"prev-page\" id=\"prev-page-tdi_2\" data-td_block_id=\"tdi_2\"><i class=\"td-next-prev-icon td-icon-font td-icon-menu-left\"><\/i><\/a><br>\n<a href=\"#\" class=\"td-ajax-next-page\" aria-label=\"next-page\" id=\"next-page-tdi_2\" data-td_block_id=\"tdi_2\"><i class=\"td-next-prev-icon td-icon-font td-icon-menu-right\"><\/i><\/a>\n<\/div>\n<h2><span class=\"ez-toc-section\" id=\"Articles_en_relation\"><\/span>Articles en relation :<span class=\"ez-toc-section-end\"><\/span><\/h2>\n<p><\/p>\n<p>Dans cet article, nous allons discuter des articles en relation sur Toukiela. Ces articles sont s\u00e9lectionn\u00e9s en fonction de leur pertinence et de leur relation avec le sujet principal.<\/p>\n<h2><span class=\"ez-toc-section\" id=\"Article_1_A_travers_ma_Fenetre_Clara_Galle_Julio_Pena_sont_ils_en_couple\"><\/span>Article 1 : A travers ma Fen\u00eatre : Clara Galle &amp; Julio Pena sont ils en couple ?<span class=\"ez-toc-section-end\"><\/span><\/h2>\n<p><\/p>\n<p>Dans cet article, nous explorons la relation entre Clara Galle et Julio Pena. Nous examinons s\u2019ils sont en couple ou non, en analysant les indices et les rumeurs.<\/p>\n<h2><span class=\"ez-toc-section\" id=\"Article_2_A_travers_ma_Fenetre_A_partir_de_quel_age_pour_les_enfants\"><\/span>Article 2 : A travers ma Fen\u00eatre : A partir de quel \u00e2ge pour les enfants ?<span class=\"ez-toc-section-end\"><\/span><\/h2>\n<p><\/p>\n<p>Cet article aborde la question de l\u2019\u00e2ge appropri\u00e9 pour les activit\u00e9s et les \u00e9v\u00e9nements destin\u00e9s aux enfants. Nous discutons des diff\u00e9rentes opinions sur cette question et offrons des conseils et des recommandations.<\/p>\n<h2><span class=\"ez-toc-section\" id=\"Article_3_A_travers_ma_Fenetre_3_Ares_Raquel_finissent_ils_ensemble\"><\/span>Article 3 : A travers ma Fen\u00eatre 3 : Ares &amp; Raquel finissent ils ensemble ?<span class=\"ez-toc-section-end\"><\/span><\/h2>\n<p><\/p>\n<p>Cet article se penche sur la relation entre Ares et Raquel dans la s\u00e9rie \u00ab\u00a0A travers ma Fen\u00eatre\u00a0\u00bb. Nous examinons si ces deux personnages finissent par \u00eatre ensemble, en analysant leur \u00e9volution tout au long de la s\u00e9rie.<\/p>\n<h2><span class=\"ez-toc-section\" id=\"Conclusion\"><\/span>Schlussfolgerung<span class=\"ez-toc-section-end\"><\/span><\/h2>\n<p><\/p>\n<p>Les articles en relation sur Toukiela sont une excellente ressource pour approfondir vos connaissances sur des sujets connexes. Que vous souhaitiez en savoir plus sur une relation entre des c\u00e9l\u00e9brit\u00e9s, l\u2019\u00e2ge appropri\u00e9 pour les enfants ou le d\u00e9veloppement des personnages dans une s\u00e9rie, ces articles vous fourniront des informations utiles et int\u00e9ressantes.<\/p>","protected":false},"excerpt":{"rendered":"","protected":false},"author":1,"featured_media":10915,"comment_status":"open","ping_status":"open","sticky":false,"template":"","format":"standard","meta":{"_seopress_robots_primary_cat":"","_seopress_titles_title":"","_seopress_titles_desc":"","_seopress_robots_index":"","footnotes":""},"categories":[645],"tags":[],"class_list":["post-10913","post","type-post","status-publish","format-standard","has-post-thumbnail","hentry","category-netflix","generate-columns","tablet-grid-50","mobile-grid-100","grid-parent","grid-50"],"_links":{"self":[{"href":"https:\/\/toukiela.com\/de\/wp-json\/wp\/v2\/posts\/10913","targetHints":{"allow":["GET"]}}],"collection":[{"href":"https:\/\/toukiela.com\/de\/wp-json\/wp\/v2\/posts"}],"about":[{"href":"https:\/\/toukiela.com\/de\/wp-json\/wp\/v2\/types\/post"}],"author":[{"embeddable":true,"href":"https:\/\/toukiela.com\/de\/wp-json\/wp\/v2\/users\/1"}],"replies":[{"embeddable":true,"href":"https:\/\/toukiela.com\/de\/wp-json\/wp\/v2\/comments?post=10913"}],"version-history":[{"count":1,"href":"https:\/\/toukiela.com\/de\/wp-json\/wp\/v2\/posts\/10913\/revisions"}],"predecessor-version":[{"id":10914,"href":"https:\/\/toukiela.com\/de\/wp-json\/wp\/v2\/posts\/10913\/revisions\/10914"}],"wp:featuredmedia":[{"embeddable":true,"href":"https:\/\/toukiela.com\/de\/wp-json\/wp\/v2\/media\/10915"}],"wp:attachment":[{"href":"https:\/\/toukiela.com\/de\/wp-json\/wp\/v2\/media?parent=10913"}],"wp:term":[{"taxonomy":"category","embeddable":true,"href":"https:\/\/toukiela.com\/de\/wp-json\/wp\/v2\/categories?post=10913"},{"taxonomy":"post_tag","embeddable":true,"href":"https:\/\/toukiela.com\/de\/wp-json\/wp\/v2\/tags?post=10913"}],"curies":[{"name":"wp","href":"https:\/\/api.w.org\/{rel}","templated":true}]}}