{"id":10658,"date":"2024-02-16T07:07:57","date_gmt":"2024-02-16T05:07:57","guid":{"rendered":"https:\/\/toukiela.com\/bonjour-a-lheure-actuelle-netflix-na-pas-encore-annonce-de-date-de-sortie-officielle-pour-la-saison-4-de-bom-dia-veronica-il-ny-a-pas-non-plus-dinformations-sur-une-eventuelle-suite-il-faud\/"},"modified":"2024-02-16T07:08:01","modified_gmt":"2024-02-16T05:08:01","slug":"bonjour-a-lheure-actuelle-netflix-na-pas-encore-annonce-de-date-de-sortie-officielle-pour-la-saison-4-de-bom-dia-veronica-il-ny-a-pas-non-plus-dinformations-sur-une-eventuelle-suite-il-faud","status":"publish","type":"post","link":"https:\/\/toukiela.com\/de\/hallo-zur-aktuellen-zeit-netflix-wird-noch-nicht-offizielles-veroffentlichungsdatum-fur-die-4-staffel-der-bom-medien-veronica-wird-nicht-mehr-informationen-uber-eine-eventuelle-suite-es-darf-sein\/","title":{"rendered":"Hallo! Zum jetzigen Zeitpunkt hat Netflix noch kein offizielles Erscheinungsdatum f\u00fcr die vierte Staffel von \"Bom Dia Veronica\" bekannt gegeben. Auch \u00fcber eine m\u00f6gliche Fortsetzung gibt es noch keine Informationen. Sie sollten also die Augen nach weiteren Ank\u00fcndigungen von Netflix offen halten, um die n\u00e4chsten Informationen zu diesem Thema zu erhalten."},"content":{"rendered":"<p><em><\/em><\/p>\n<div id=\"ez-toc-container\" class=\"ez-toc-v2_0_82_2 counter-hierarchy ez-toc-counter ez-toc-grey ez-toc-container-direction\">\n<p class=\"ez-toc-title\" style=\"cursor:inherit\">Inhaltsverzeichnis<\/p>\n<label for=\"ez-toc-cssicon-toggle-item-69f4802f0b797\" class=\"ez-toc-cssicon-toggle-label\"><span class=\"\"><span class=\"eztoc-hide\" style=\"display:none;\">Toggle<\/span><span class=\"ez-toc-icon-toggle-span\"><svg style=\"fill: #999;color:#999\" xmlns=\"http:\/\/www.w3.org\/2000\/svg\" class=\"list-377408\" width=\"20px\" height=\"20px\" viewbox=\"0 0 24 24\" fill=\"none\"><path d=\"M6 6H4v2h2V6zm14 0H8v2h12V6zM4 11h2v2H4v-2zm16 0H8v2h12v-2zM4 16h2v2H4v-2zm16 0H8v2h12v-2z\" fill=\"currentColor\"><\/path><\/svg><svg style=\"fill: #999;color:#999\" class=\"arrow-unsorted-368013\" xmlns=\"http:\/\/www.w3.org\/2000\/svg\" width=\"10px\" height=\"10px\" viewbox=\"0 0 24 24\" version=\"1.2\" baseprofile=\"tiny\"><path d=\"M18.2 9.3l-6.2-6.3-6.2 6.3c-.2.2-.3.4-.3.7s.1.5.3.7c.2.2.4.3.7.3h11c.3 0 .5-.1.7-.3.2-.2.3-.5.3-.7s-.1-.5-.3-.7zM5.8 14.7l6.2 6.3 6.2-6.3c.2-.2.3-.5.3-.7s-.1-.5-.3-.7c-.2-.2-.4-.3-.7-.3h-11c-.3 0-.5.1-.7.3-.2.2-.3.5-.3.7s.1.5.3.7z\"\/><\/svg><\/span><\/span><\/label><input type=\"checkbox\"  id=\"ez-toc-cssicon-toggle-item-69f4802f0b797\"  aria-label=\"Toggle\" \/><nav><ul class='ez-toc-list ez-toc-list-level-1' ><li class='ez-toc-page-1 ez-toc-heading-level-2'><a class=\"ez-toc-link ez-toc-heading-1\" href=\"https:\/\/toukiela.com\/de\/hallo-zur-aktuellen-zeit-netflix-wird-noch-nicht-offizielles-veroffentlichungsdatum-fur-die-4-staffel-der-bom-medien-veronica-wird-nicht-mehr-informationen-uber-eine-eventuelle-suite-es-darf-sein\/#Articles_en_relation\" >Verwandte Artikel<\/a><ul class='ez-toc-list-level-3' ><li class='ez-toc-heading-level-3'><a class=\"ez-toc-link ez-toc-heading-2\" href=\"https:\/\/toukiela.com\/de\/hallo-zur-aktuellen-zeit-netflix-wird-noch-nicht-offizielles-veroffentlichungsdatum-fur-die-4-staffel-der-bom-medien-veronica-wird-nicht-mehr-informationen-uber-eine-eventuelle-suite-es-darf-sein\/#Coeurs_en_Therapie_Explication_de_la_fin_Karl_Maria\" >Herzen in Therapie: Erkl\u00e4rung des Endes! Karl &amp; Maria?<\/a><\/li><li class='ez-toc-page-1 ez-toc-heading-level-3'><a class=\"ez-toc-link ez-toc-heading-3\" href=\"https:\/\/toukiela.com\/de\/hallo-zur-aktuellen-zeit-netflix-wird-noch-nicht-offizielles-veroffentlichungsdatum-fur-die-4-staffel-der-bom-medien-veronica-wird-nicht-mehr-informationen-uber-eine-eventuelle-suite-es-darf-sein\/#Halo_Saison_2_Episode_4_Quelle_date_et_heure_de_sortie_Paramount\" >Halo Staffel 2 Episode 4: Welches Datum und welche Uhrzeit f\u00fcr die Paramount+ Ver\u00f6ffentlichung?<\/a><\/li><li class='ez-toc-page-1 ez-toc-heading-level-3'><a class=\"ez-toc-link ez-toc-heading-4\" href=\"https:\/\/toukiela.com\/de\/hallo-zur-aktuellen-zeit-netflix-wird-noch-nicht-offizielles-veroffentlichungsdatum-fur-die-4-staffel-der-bom-medien-veronica-wird-nicht-mehr-informationen-uber-eine-eventuelle-suite-es-darf-sein\/#Bom_Dia_Veronica_Saison_3_Explication_de_la_fin\" >Bom Dia Veronica Staffel 3: Erkl\u00e4rung des Endes!<\/a><\/li><\/ul><\/li><\/ul><\/nav><\/div>\n<h2><span class=\"ez-toc-section\" id=\"Articles_en_relation\"><\/span>Verwandte Artikel<span class=\"ez-toc-section-end\"><\/span><\/h2>\n<p><\/p>\n<div class=\"td_block_inner\">\n<div class=\"td-related-row\">\n<div class=\"td-related-span4\">\n<div class=\"td_module_related_posts td-animation-stack td_mod_related_posts\">\n<div class=\"td-module-image\">\n<div class=\"td-module-thumb\"><a href=\"#\" rel=\"bookmark\" class=\"td-image-wrap\" title=\"Herzen in Therapie: Erkl\u00e4rung des Endes! Karl &amp; Maria?\"><img decoding=\"async\" width=\"218\" height=\"150\" class=\"entry-thumb\" src=\"https:\/\/\/wp-content\/uploads\/2024\/02\/coeurs-en-therapie-fin-218x150.jpg\" alt=\"herzen in therapie Ende\" title=\"Herzen in Therapie: Erkl\u00e4rung des Endes! Karl &amp; Maria?\"><\/a><\/div>\n<p>\n<\/p><\/div>\n<p><\/p>\n<div class=\"item-details\">\n<h3 class=\"entry-title td-module-title\"><span class=\"ez-toc-section\" id=\"Coeurs_en_Therapie_Explication_de_la_fin_Karl_Maria\"><\/span><a href=\"#\" rel=\"bookmark\" title=\"Herzen in Therapie: Erkl\u00e4rung des Endes! Karl &amp; Maria?\">Herzen in Therapie: Erkl\u00e4rung des Endes! Karl &amp; Maria?<\/a><span class=\"ez-toc-section-end\"><\/span><\/h3>\n<p>\n<\/p><\/div>\n<p>\n<\/p><\/div>\n<p>\n<\/p><\/div>\n<p><\/p>\n<div class=\"td-related-span4\">\n<div class=\"td_module_related_posts td-animation-stack td_mod_related_posts\">\n<div class=\"td-module-image\">\n<div class=\"td-module-thumb\"><a href=\"#\" rel=\"bookmark\" class=\"td-image-wrap\" title=\"Halo Staffel 2 Episode 4: Welches Datum und welche Uhrzeit f\u00fcr die Paramount+ Ver\u00f6ffentlichung?\"><img decoding=\"async\" width=\"218\" height=\"150\" class=\"entry-thumb\" src=\"https:\/\/\/wp-content\/uploads\/2024\/02\/halo-saison-2-episode-4-218x150.jpg\" alt=\"halo staffel 2 episode 4\" title=\"Halo Staffel 2 Episode 4: Welches Datum und welche Uhrzeit f\u00fcr die Paramount+ Ver\u00f6ffentlichung?\"><\/a><\/div>\n<p>\n<\/p><\/div>\n<p><\/p>\n<div class=\"item-details\">\n<h3 class=\"entry-title td-module-title\"><span class=\"ez-toc-section\" id=\"Halo_Saison_2_Episode_4_Quelle_date_et_heure_de_sortie_Paramount\"><\/span><a href=\"#\" rel=\"bookmark\" title=\"Halo Staffel 2 Episode 4: Welches Datum und welche Uhrzeit f\u00fcr die Paramount+ Ver\u00f6ffentlichung?\">Halo Staffel 2 Episode 4: Welches Datum und welche Uhrzeit f\u00fcr die Paramount+ Ver\u00f6ffentlichung?<\/a><span class=\"ez-toc-section-end\"><\/span><\/h3>\n<p>\n<\/p><\/div>\n<p>\n<\/p><\/div>\n<p>\n<\/p><\/div>\n<p><\/p>\n<div class=\"td-related-span4\">\n<div class=\"td_module_related_posts td-animation-stack td_mod_related_posts\">\n<div class=\"td-module-image\">\n<div class=\"td-module-thumb\"><a href=\"#\" rel=\"bookmark\" class=\"td-image-wrap\" title=\"Bom Dia Veronica Staffel 3: Erkl\u00e4rung des Endes!\"><img decoding=\"async\" width=\"218\" height=\"150\" class=\"entry-thumb\" src=\"https:\/\/\/wp-content\/uploads\/2024\/02\/bom-dia-veronica-saison-3-fin-218x150.jpg\" alt=\"bom dia veronica staffel 3 ende\" title=\"Bom Dia Veronica Staffel 3: Erkl\u00e4rung des Endes!\"><\/a><\/div>\n<p>\n<\/p><\/div>\n<p><\/p>\n<div class=\"item-details\">\n<h3 class=\"entry-title td-module-title\"><span class=\"ez-toc-section\" id=\"Bom_Dia_Veronica_Saison_3_Explication_de_la_fin\"><\/span><a href=\"#\" rel=\"bookmark\" title=\"Bom Dia Veronica Staffel 3: Erkl\u00e4rung des Endes!\">Bom Dia Veronica Staffel 3: Erkl\u00e4rung des Endes!<\/a><span class=\"ez-toc-section-end\"><\/span><\/h3>\n<p>\n<\/p><\/div>\n<p>\n<\/p><\/div>\n<p>\n<\/p><\/div>\n<p>\n<\/p><\/div>\n<p>\n<\/p><\/div>\n<p><\/p>\n<div class=\"td-next-prev-wrap\">\n<a href=\"#\" class=\"td-ajax-prev-page ajax-page-disabled\" aria-label=\"prev-page\" id=\"prev-page-tdi_2\" data-td_block_id=\"tdi_2\"><i class=\"td-next-prev-icon td-icon-font td-icon-menu-left\"><\/i><\/a><br>\n<a href=\"#\" class=\"td-ajax-next-page\" aria-label=\"next-page\" id=\"next-page-tdi_2\" data-td_block_id=\"tdi_2\"><i class=\"td-next-prev-icon td-icon-font td-icon-menu-right\"><\/i><\/a>\n<\/div>","protected":false},"excerpt":{"rendered":"","protected":false},"author":1,"featured_media":10660,"comment_status":"open","ping_status":"open","sticky":false,"template":"","format":"standard","meta":{"_seopress_robots_primary_cat":"","_seopress_titles_title":"","_seopress_titles_desc":"","_seopress_robots_index":"","footnotes":""},"categories":[645],"tags":[],"class_list":["post-10658","post","type-post","status-publish","format-standard","has-post-thumbnail","hentry","category-netflix","generate-columns","tablet-grid-50","mobile-grid-100","grid-parent","grid-50"],"_links":{"self":[{"href":"https:\/\/toukiela.com\/de\/wp-json\/wp\/v2\/posts\/10658","targetHints":{"allow":["GET"]}}],"collection":[{"href":"https:\/\/toukiela.com\/de\/wp-json\/wp\/v2\/posts"}],"about":[{"href":"https:\/\/toukiela.com\/de\/wp-json\/wp\/v2\/types\/post"}],"author":[{"embeddable":true,"href":"https:\/\/toukiela.com\/de\/wp-json\/wp\/v2\/users\/1"}],"replies":[{"embeddable":true,"href":"https:\/\/toukiela.com\/de\/wp-json\/wp\/v2\/comments?post=10658"}],"version-history":[{"count":1,"href":"https:\/\/toukiela.com\/de\/wp-json\/wp\/v2\/posts\/10658\/revisions"}],"predecessor-version":[{"id":10659,"href":"https:\/\/toukiela.com\/de\/wp-json\/wp\/v2\/posts\/10658\/revisions\/10659"}],"wp:featuredmedia":[{"embeddable":true,"href":"https:\/\/toukiela.com\/de\/wp-json\/wp\/v2\/media\/10660"}],"wp:attachment":[{"href":"https:\/\/toukiela.com\/de\/wp-json\/wp\/v2\/media?parent=10658"}],"wp:term":[{"taxonomy":"category","embeddable":true,"href":"https:\/\/toukiela.com\/de\/wp-json\/wp\/v2\/categories?post=10658"},{"taxonomy":"post_tag","embeddable":true,"href":"https:\/\/toukiela.com\/de\/wp-json\/wp\/v2\/tags?post=10658"}],"curies":[{"name":"wp","href":"https:\/\/api.w.org\/{rel}","templated":true}]}}