{"id":10393,"date":"2024-02-08T07:06:55","date_gmt":"2024-02-08T05:06:55","guid":{"rendered":"https:\/\/toukiela.com\/rael-quest-devenu-damien-marsic-aujourdhui\/"},"modified":"2024-02-08T07:06:56","modified_gmt":"2024-02-08T05:06:56","slug":"rael-quest-devenu-damien-marsic-aujourdhui","status":"publish","type":"post","link":"https:\/\/toukiela.com\/de\/rael-quest-geworden-damien-marsic-heute\/","title":{"rendered":"Rael: Was ist heute aus Damien Marsic geworden?"},"content":{"rendered":"<p><em><\/em><\/p>\n<div id=\"ez-toc-container\" class=\"ez-toc-v2_0_82_2 counter-hierarchy ez-toc-counter ez-toc-grey ez-toc-container-direction\">\n<p class=\"ez-toc-title\" style=\"cursor:inherit\">Inhaltsverzeichnis<\/p>\n<label for=\"ez-toc-cssicon-toggle-item-69f1f035a5e83\" class=\"ez-toc-cssicon-toggle-label\"><span class=\"\"><span class=\"eztoc-hide\" style=\"display:none;\">Toggle<\/span><span class=\"ez-toc-icon-toggle-span\"><svg style=\"fill: #999;color:#999\" xmlns=\"http:\/\/www.w3.org\/2000\/svg\" class=\"list-377408\" width=\"20px\" height=\"20px\" viewbox=\"0 0 24 24\" fill=\"none\"><path d=\"M6 6H4v2h2V6zm14 0H8v2h12V6zM4 11h2v2H4v-2zm16 0H8v2h12v-2zM4 16h2v2H4v-2zm16 0H8v2h12v-2z\" fill=\"currentColor\"><\/path><\/svg><svg style=\"fill: #999;color:#999\" class=\"arrow-unsorted-368013\" xmlns=\"http:\/\/www.w3.org\/2000\/svg\" width=\"10px\" height=\"10px\" viewbox=\"0 0 24 24\" version=\"1.2\" baseprofile=\"tiny\"><path d=\"M18.2 9.3l-6.2-6.3-6.2 6.3c-.2.2-.3.4-.3.7s.1.5.3.7c.2.2.4.3.7.3h11c.3 0 .5-.1.7-.3.2-.2.3-.5.3-.7s-.1-.5-.3-.7zM5.8 14.7l6.2 6.3 6.2-6.3c.2-.2.3-.5.3-.7s-.1-.5-.3-.7c-.2-.2-.4-.3-.7-.3h-11c-.3 0-.5.1-.7.3-.2.2-.3.5-.3.7s.1.5.3.7z\"\/><\/svg><\/span><\/span><\/label><input type=\"checkbox\"  id=\"ez-toc-cssicon-toggle-item-69f1f035a5e83\"  aria-label=\"Toggle\" \/><nav><ul class='ez-toc-list ez-toc-list-level-1' ><li class='ez-toc-page-1 ez-toc-heading-level-2'><a class=\"ez-toc-link ez-toc-heading-1\" href=\"https:\/\/toukiela.com\/de\/rael-quest-geworden-damien-marsic-heute\/#Articles_en_relation\" >Verwandte Artikel<\/a><\/li><li class='ez-toc-page-1 ez-toc-heading-level-2'><a class=\"ez-toc-link ez-toc-heading-2\" href=\"https:\/\/toukiela.com\/de\/rael-quest-geworden-damien-marsic-heute\/#Black_Cake_Saison_2_Quelle_date_de_sortie_Disney_Plus\" >Black Cake Staffel 2: Welches Disney Plus Erscheinungsdatum?<\/a><\/li><li class='ez-toc-page-1 ez-toc-heading-level-2'><a class=\"ez-toc-link ez-toc-heading-3\" href=\"https:\/\/toukiela.com\/de\/rael-quest-geworden-damien-marsic-heute\/#A_Shop_For_Killers_Episode_9_Quelle_date_et_heure_de_sortie\" >A Shop For Killers Episode 9: Welches Datum und welche Uhrzeit ist f\u00fcr die Ver\u00f6ffentlichung vorgesehen?<\/a><\/li><li class='ez-toc-page-1 ez-toc-heading-level-2'><a class=\"ez-toc-link ez-toc-heading-4\" href=\"https:\/\/toukiela.com\/de\/rael-quest-geworden-damien-marsic-heute\/#A_Shop_For_Killers_Saison_1_Explication_de_la_fin\" >A Shop For Killers Staffel 1: Erkl\u00e4rung des Endes!<\/a><\/li><li class='ez-toc-page-1 ez-toc-heading-level-2'><a class=\"ez-toc-link ez-toc-heading-5\" href=\"https:\/\/toukiela.com\/de\/rael-quest-geworden-damien-marsic-heute\/#Conclusion\" >Schlussfolgerung<\/a><\/li><\/ul><\/nav><\/div>\n<h2><span class=\"ez-toc-section\" id=\"Articles_en_relation\"><\/span>Verwandte Artikel<span class=\"ez-toc-section-end\"><\/span><\/h2>\n<p><\/p>\n<p>Hier sind einige Artikel mit Bezug zum Thema :<\/p>\n<h2><span class=\"ez-toc-section\" id=\"Black_Cake_Saison_2_Quelle_date_de_sortie_Disney_Plus\"><\/span>Black Cake Staffel 2: Welches Disney Plus Erscheinungsdatum?<span class=\"ez-toc-section-end\"><\/span><\/h2>\n<p><\/p>\n<p>Die zweite Staffel von Black Cake wird von den Fans mit Spannung erwartet. Aber wann wird sie auf Disney Plus erscheinen?<\/p>\n<h2><span class=\"ez-toc-section\" id=\"A_Shop_For_Killers_Episode_9_Quelle_date_et_heure_de_sortie\"><\/span>A Shop For Killers Episode 9: Welches Datum und welche Uhrzeit ist f\u00fcr die Ver\u00f6ffentlichung vorgesehen?<span class=\"ez-toc-section-end\"><\/span><\/h2>\n<p><\/p>\n<p>Episode 9 der Serie A Shop For Killers steht kurz vor der Ver\u00f6ffentlichung. Aber wann und zu welcher Uhrzeit k\u00f6nnen wir sie uns ansehen?<\/p>\n<h2><span class=\"ez-toc-section\" id=\"A_Shop_For_Killers_Saison_1_Explication_de_la_fin\"><\/span>A Shop For Killers Staffel 1: Erkl\u00e4rung des Endes!<span class=\"ez-toc-section-end\"><\/span><\/h2>\n<p><\/p>\n<p>Die erste Staffel von A Shop For Killers endete vor kurzem und lie\u00df die Zuschauer mit vielen Fragen zur\u00fcck. Hier finden Sie eine Erkl\u00e4rung f\u00fcr das Ende der Staffel.<\/p>\n<h2><span class=\"ez-toc-section\" id=\"Conclusion\"><\/span>Schlussfolgerung<span class=\"ez-toc-section-end\"><\/span><\/h2>\n<p><\/p>\n<p>Zusammenfassend l\u00e4sst sich sagen, dass die Fans von Black Cake und A Shop For Killers es kaum erwarten k\u00f6nnen, die Fortsetzung dieser Serien zu sehen. Das Datum der Ver\u00f6ffentlichung der zweiten Staffel von Black Cake auf Disney Plus sowie das Datum und die Uhrzeit der Ver\u00f6ffentlichung von Episode 9 von A Shop For Killers sind noch unbekannt. In der Zwischenzeit k\u00f6nnen sich die Zuschauer mit den Erkl\u00e4rungen zum Ende der ersten Staffel von A Shop For Killers tr\u00f6sten. Bleiben Sie auf dem Laufenden f\u00fcr weitere Informationen zu diesen spannenden Serien!<\/p>","protected":false},"excerpt":{"rendered":"","protected":false},"author":1,"featured_media":10395,"comment_status":"open","ping_status":"open","sticky":false,"template":"","format":"standard","meta":{"_seopress_robots_primary_cat":"","_seopress_titles_title":"","_seopress_titles_desc":"","_seopress_robots_index":"","footnotes":""},"categories":[645],"tags":[],"class_list":["post-10393","post","type-post","status-publish","format-standard","has-post-thumbnail","hentry","category-netflix","generate-columns","tablet-grid-50","mobile-grid-100","grid-parent","grid-50"],"_links":{"self":[{"href":"https:\/\/toukiela.com\/de\/wp-json\/wp\/v2\/posts\/10393","targetHints":{"allow":["GET"]}}],"collection":[{"href":"https:\/\/toukiela.com\/de\/wp-json\/wp\/v2\/posts"}],"about":[{"href":"https:\/\/toukiela.com\/de\/wp-json\/wp\/v2\/types\/post"}],"author":[{"embeddable":true,"href":"https:\/\/toukiela.com\/de\/wp-json\/wp\/v2\/users\/1"}],"replies":[{"embeddable":true,"href":"https:\/\/toukiela.com\/de\/wp-json\/wp\/v2\/comments?post=10393"}],"version-history":[{"count":1,"href":"https:\/\/toukiela.com\/de\/wp-json\/wp\/v2\/posts\/10393\/revisions"}],"predecessor-version":[{"id":10394,"href":"https:\/\/toukiela.com\/de\/wp-json\/wp\/v2\/posts\/10393\/revisions\/10394"}],"wp:featuredmedia":[{"embeddable":true,"href":"https:\/\/toukiela.com\/de\/wp-json\/wp\/v2\/media\/10395"}],"wp:attachment":[{"href":"https:\/\/toukiela.com\/de\/wp-json\/wp\/v2\/media?parent=10393"}],"wp:term":[{"taxonomy":"category","embeddable":true,"href":"https:\/\/toukiela.com\/de\/wp-json\/wp\/v2\/categories?post=10393"},{"taxonomy":"post_tag","embeddable":true,"href":"https:\/\/toukiela.com\/de\/wp-json\/wp\/v2\/tags?post=10393"}],"curies":[{"name":"wp","href":"https:\/\/api.w.org\/{rel}","templated":true}]}}