{"id":10165,"date":"2024-02-01T13:17:00","date_gmt":"2024-02-01T11:17:00","guid":{"rendered":"https:\/\/toukiela.com\/wil-2-quelle-est-la-date-de-sortie-sur-netflix-une-suite-est-elle-prevue\/"},"modified":"2024-02-01T13:17:01","modified_gmt":"2024-02-01T11:17:01","slug":"wil-2-quelle-est-la-date-de-sortie-sur-netflix-une-suite-est-elle-prevue","status":"publish","type":"post","link":"https:\/\/toukiela.com\/de\/wil-2-was-ist-der-tag-der-veroffentlichung-auf-netflix-eine-fortsetzung-wird-gepruft\/","title":{"rendered":"Wil 2: Was ist das Erscheinungsdatum auf Netflix? Ist eine Fortsetzung geplant?"},"content":{"rendered":"<p><em><\/em><\/p>\n<h2>VERWANDTE ARTIKEL<\/h2>\n<p><\/p>\n<p>Wil: Erkl\u00e4rung des Endes! Wer ist gestorben? Yvette die Heldin?<\/p>\n<p><\/p>\n<p>Das Ende der Serie \"Wil\" hat bei den Fans viele Fragen aufgeworfen. Viele fragen sich, wer gestorben ist und ob Yvette, eine der Hauptfiguren, die Heldin der Geschichte ist. Dieser Artikel bietet eine detaillierte Analyse des Endes der Serie und versucht, diese Fragen zu beantworten.<\/p>\n<p>Baby Bandito Staffel 2: Welches Netflix-Ver\u00f6ffentlichungsdatum?<\/p>\n<p><\/p>\n<p>Die Fans der Serie \"Baby Bandito\" warten sehns\u00fcchtig auf die Ver\u00f6ffentlichung der zweiten Staffel auf Netflix. Dieser Artikel enth\u00e4lt Informationen \u00fcber das geplante Erscheinungsdatum und die neuesten Nachrichten \u00fcber die Produktion der Serie.<\/p>\n<p>Baby Bandito Staffel 1: Erkl\u00e4rung des Endes!<\/p>\n<p><\/p>\n<p>Die erste Staffel von \"Baby Bandito\" lie\u00df viele Zuschauer \u00fcber das Ende der Geschichte r\u00e4tseln. Dieser Artikel bietet eine detaillierte Erkl\u00e4rung des Staffelendes und entschl\u00fcsselt die Schl\u00fcsselereignisse, die zu diesem Ende gef\u00fchrt haben.<\/p>\n<h2>MEHR VOM AUTOR<\/h2>\n<p><\/p>\n<p>Toukiela ist eine talentierte Autorin, die zahlreiche Artikel zu verschiedenen Themen verfasst hat. Um mehr \u00fcber seine Arbeiten zu erfahren, k\u00f6nnen Sie seine Autorenseite auf unserer Website besuchen.<\/p>\n<h2>Schlussfolgerung<\/h2>\n<p><\/p>\n<p>Dieser Artikel enth\u00e4lt verschiedene Artikel im Zusammenhang mit den Serien \"Wil\" und \"Baby Bandito\". Er bietet Erkl\u00e4rungen zum Ende dieser Serien und gibt Informationen zu den kommenden Staffeln. Au\u00dferdem stellt er die Autorin Toukiela vor und l\u00e4dt die Leser ein, ihre anderen Schriften zu entdecken.<\/p>","protected":false},"excerpt":{"rendered":"","protected":false},"author":1,"featured_media":10167,"comment_status":"open","ping_status":"open","sticky":false,"template":"","format":"standard","meta":{"_seopress_robots_primary_cat":"","_seopress_titles_title":"","_seopress_titles_desc":"","_seopress_robots_index":"","footnotes":""},"categories":[645],"tags":[],"class_list":["post-10165","post","type-post","status-publish","format-standard","has-post-thumbnail","hentry","category-netflix","generate-columns","tablet-grid-50","mobile-grid-100","grid-parent","grid-50"],"_links":{"self":[{"href":"https:\/\/toukiela.com\/de\/wp-json\/wp\/v2\/posts\/10165","targetHints":{"allow":["GET"]}}],"collection":[{"href":"https:\/\/toukiela.com\/de\/wp-json\/wp\/v2\/posts"}],"about":[{"href":"https:\/\/toukiela.com\/de\/wp-json\/wp\/v2\/types\/post"}],"author":[{"embeddable":true,"href":"https:\/\/toukiela.com\/de\/wp-json\/wp\/v2\/users\/1"}],"replies":[{"embeddable":true,"href":"https:\/\/toukiela.com\/de\/wp-json\/wp\/v2\/comments?post=10165"}],"version-history":[{"count":1,"href":"https:\/\/toukiela.com\/de\/wp-json\/wp\/v2\/posts\/10165\/revisions"}],"predecessor-version":[{"id":10166,"href":"https:\/\/toukiela.com\/de\/wp-json\/wp\/v2\/posts\/10165\/revisions\/10166"}],"wp:featuredmedia":[{"embeddable":true,"href":"https:\/\/toukiela.com\/de\/wp-json\/wp\/v2\/media\/10167"}],"wp:attachment":[{"href":"https:\/\/toukiela.com\/de\/wp-json\/wp\/v2\/media?parent=10165"}],"wp:term":[{"taxonomy":"category","embeddable":true,"href":"https:\/\/toukiela.com\/de\/wp-json\/wp\/v2\/categories?post=10165"},{"taxonomy":"post_tag","embeddable":true,"href":"https:\/\/toukiela.com\/de\/wp-json\/wp\/v2\/tags?post=10165"}],"curies":[{"name":"wp","href":"https:\/\/api.w.org\/{rel}","templated":true}]}}